{"id":1137,"date":"2020-09-19T12:17:13","date_gmt":"2020-09-19T15:17:13","guid":{"rendered":"http:\/\/nordesteimprensa.com.br\/?p=1137"},"modified":"2020-09-19T12:17:14","modified_gmt":"2020-09-19T15:17:14","slug":"dupla-e-presa-suspeita-de-transportar-57-kg-de-maconha-em-porta-malas-de-carro-na-pb","status":"publish","type":"post","link":"https:\/\/nordesteimprensa.com.br\/index.php\/2020\/09\/19\/dupla-e-presa-suspeita-de-transportar-57-kg-de-maconha-em-porta-malas-de-carro-na-pb\/","title":{"rendered":"Dupla \u00e9 presa suspeita de transportar 57 kg de maconha em porta-malas de carro, na PB"},"content":{"rendered":"\n<p>Dois homens, de 27 e 37 anos, foram presos em flagrante suspeitos de transportar cerca de 57 quilos de maconha, nesta sexta-feira (18), em Sousa, no Sert\u00e3o da Para\u00edba. Segundo informa\u00e7\u00f5es da Pol\u00edcia Militar, a droga estava escondida no porta-malas do ve\u00edculo.<\/p>\n\n\n\n<p>Um dos suspeitos tinha um mandado de pris\u00e3o em aberto pelo crime de porte ilegal de arma. Outro autom\u00f3vel, que guiava e fazia a seguran\u00e7a do carro em que o material estava, tamb\u00e9m foi interceptado.<\/p>\n\n\n\n<p>A abordagem aos ve\u00edculos aconteceu na BR-230, perto do Distrito Industrial de Sousa. A droga seria levada para outro munic\u00edpio de Sert\u00e3o paraibano.<\/p>\n\n\n\n<p>Os suspeitos e a droga apreendida foram levados para a delegacia da Pol\u00edcia Federal de Patos.<\/p>\n\n\n\n<p><\/p>\n\n\n\n<p>Fonte G1 Para\u00edba <\/p>\n","protected":false},"excerpt":{"rendered":"<p>Dois homens, de 27 e 37 anos, foram presos em flagrante suspeitos de transportar cerca de 57 quilos de maconha, nesta sexta-feira (18), em Sousa, no Sert\u00e3o da Para\u00edba. Segundo informa\u00e7\u00f5es da Pol\u00edcia Militar, a droga estava escondida no porta-malas do ve\u00edculo. Um dos suspeitos tinha um mandado de pris\u00e3o em aberto pelo crime de [&hellip;]<\/p>\n","protected":false},"author":1,"featured_media":1138,"comment_status":"open","ping_status":"open","sticky":false,"template":"","format":"standard","meta":{"footnotes":""},"categories":[10,38],"tags":[],"class_list":{"0":"post-1137","1":"post","2":"type-post","3":"status-publish","4":"format-standard","5":"has-post-thumbnail","7":"category-theme-features","8":"category-policial"},"_links":{"self":[{"href":"https:\/\/nordesteimprensa.com.br\/index.php\/wp-json\/wp\/v2\/posts\/1137","targetHints":{"allow":["GET"]}}],"collection":[{"href":"https:\/\/nordesteimprensa.com.br\/index.php\/wp-json\/wp\/v2\/posts"}],"about":[{"href":"https:\/\/nordesteimprensa.com.br\/index.php\/wp-json\/wp\/v2\/types\/post"}],"author":[{"embeddable":true,"href":"https:\/\/nordesteimprensa.com.br\/index.php\/wp-json\/wp\/v2\/users\/1"}],"replies":[{"embeddable":true,"href":"https:\/\/nordesteimprensa.com.br\/index.php\/wp-json\/wp\/v2\/comments?post=1137"}],"version-history":[{"count":1,"href":"https:\/\/nordesteimprensa.com.br\/index.php\/wp-json\/wp\/v2\/posts\/1137\/revisions"}],"predecessor-version":[{"id":1139,"href":"https:\/\/nordesteimprensa.com.br\/index.php\/wp-json\/wp\/v2\/posts\/1137\/revisions\/1139"}],"wp:featuredmedia":[{"embeddable":true,"href":"https:\/\/nordesteimprensa.com.br\/index.php\/wp-json\/wp\/v2\/media\/1138"}],"wp:attachment":[{"href":"https:\/\/nordesteimprensa.com.br\/index.php\/wp-json\/wp\/v2\/media?parent=1137"}],"wp:term":[{"taxonomy":"category","embeddable":true,"href":"https:\/\/nordesteimprensa.com.br\/index.php\/wp-json\/wp\/v2\/categories?post=1137"},{"taxonomy":"post_tag","embeddable":true,"href":"https:\/\/nordesteimprensa.com.br\/index.php\/wp-json\/wp\/v2\/tags?post=1137"}],"curies":[{"name":"wp","href":"https:\/\/api.w.org\/{rel}","templated":true}]}}