{"id":1140,"date":"2020-09-20T19:01:31","date_gmt":"2020-09-20T22:01:31","guid":{"rendered":"http:\/\/nordesteimprensa.com.br\/?p=1140"},"modified":"2020-09-20T19:01:32","modified_gmt":"2020-09-20T22:01:32","slug":"vocalista-da-banda-chicana-morre-em-acidente-de-carro-na-br-116-em-feira-de-santana","status":"publish","type":"post","link":"https:\/\/nordesteimprensa.com.br\/index.php\/2020\/09\/20\/vocalista-da-banda-chicana-morre-em-acidente-de-carro-na-br-116-em-feira-de-santana\/","title":{"rendered":"Vocalista da banda Chicana morre em acidente de carro na BR-116 em Feira de Santana"},"content":{"rendered":"\n<p>O vocalista da banda Chicana morreu em um acidente de carro na BR-116 norte, km 409, Feira de Santana, na tarde deste s\u00e1bado (19), por volta das 16h.Tarc\u00edsio Freitas de Oliveira, conhecido como Tay, 36 anos, dirigia um ve\u00edculo Hyundai IX 35, placa OUX 3817, quando perdeu o controle da dire\u00e7\u00e3o e capotou.<\/p>\n\n\n\n<p>A delegada Klaudine Passos Silva realizou o levantamento cadav\u00e9rico e informou que ao chegar ao local do acidente verificou que o ve\u00edculo saiu da m\u00e3o de dire\u00e7\u00e3o, mas n\u00e3o deu para notar a din\u00e2mica do acidente, pois o levantamento cadav\u00e9rico foi realizado ap\u00f3s as 18h e j\u00e1 estava escuro.<\/p>\n\n\n\n<p>\u201cSupostamente, ou o carro bateu em uma \u00e1rvore e capotou ou j\u00e1 veio capotando e no prolongamento bateu em uma \u00e1rvore do lado contr\u00e1rio. A gente n\u00e3o sabe o que aconteceu para provocar o acidente. N\u00e3o havia testemunhas no local, ent\u00e3o a gente n\u00e3o tinha como saber mais informa\u00e7\u00f5es sobre a situa\u00e7\u00e3o. Tamb\u00e9m n\u00e3o havia ningu\u00e9m com ele no ve\u00edculo, apenas pertences pessoais, como instrumentos musicais e roupas\u201d, afirmou.<\/p>\n\n\n\n<p>De acordo com a delegada Klaudine Passos, familiares informaram que o cantor teria sa\u00eddo da cidade de Candeal e estaria dirigindo para Feira de Santana, onde iria fechar alguns compromissos de trabalho.<\/p>\n\n\n\n<p>A delegada informou ainda que ao chegar ao local o corpo j\u00e1 estava fora das ferragens, pois uma ambul\u00e2ncia do Servi\u00e7o de Atendimento M\u00f3vel de Urg\u00eancia (Samu) esteve no local e verificou que n\u00e3o havia mais sinais vitais.<\/p>\n\n\n\n<p><\/p>\n\n\n\n<p>Fonte Portal Alerta <\/p>\n","protected":false},"excerpt":{"rendered":"<p>O vocalista da banda Chicana morreu em um acidente de carro na BR-116 norte, km 409, Feira de Santana, na tarde deste s\u00e1bado (19), por volta das 16h.Tarc\u00edsio Freitas de Oliveira, conhecido como Tay, 36 anos, dirigia um ve\u00edculo Hyundai IX 35, placa OUX 3817, quando perdeu o controle da dire\u00e7\u00e3o e capotou. A delegada [&hellip;]<\/p>\n","protected":false},"author":1,"featured_media":1142,"comment_status":"open","ping_status":"open","sticky":false,"template":"","format":"standard","meta":{"footnotes":""},"categories":[43,10],"tags":[],"class_list":{"0":"post-1140","1":"post","2":"type-post","3":"status-publish","4":"format-standard","5":"has-post-thumbnail","7":"category-acidente","8":"category-theme-features"},"_links":{"self":[{"href":"https:\/\/nordesteimprensa.com.br\/index.php\/wp-json\/wp\/v2\/posts\/1140","targetHints":{"allow":["GET"]}}],"collection":[{"href":"https:\/\/nordesteimprensa.com.br\/index.php\/wp-json\/wp\/v2\/posts"}],"about":[{"href":"https:\/\/nordesteimprensa.com.br\/index.php\/wp-json\/wp\/v2\/types\/post"}],"author":[{"embeddable":true,"href":"https:\/\/nordesteimprensa.com.br\/index.php\/wp-json\/wp\/v2\/users\/1"}],"replies":[{"embeddable":true,"href":"https:\/\/nordesteimprensa.com.br\/index.php\/wp-json\/wp\/v2\/comments?post=1140"}],"version-history":[{"count":1,"href":"https:\/\/nordesteimprensa.com.br\/index.php\/wp-json\/wp\/v2\/posts\/1140\/revisions"}],"predecessor-version":[{"id":1143,"href":"https:\/\/nordesteimprensa.com.br\/index.php\/wp-json\/wp\/v2\/posts\/1140\/revisions\/1143"}],"wp:featuredmedia":[{"embeddable":true,"href":"https:\/\/nordesteimprensa.com.br\/index.php\/wp-json\/wp\/v2\/media\/1142"}],"wp:attachment":[{"href":"https:\/\/nordesteimprensa.com.br\/index.php\/wp-json\/wp\/v2\/media?parent=1140"}],"wp:term":[{"taxonomy":"category","embeddable":true,"href":"https:\/\/nordesteimprensa.com.br\/index.php\/wp-json\/wp\/v2\/categories?post=1140"},{"taxonomy":"post_tag","embeddable":true,"href":"https:\/\/nordesteimprensa.com.br\/index.php\/wp-json\/wp\/v2\/tags?post=1140"}],"curies":[{"name":"wp","href":"https:\/\/api.w.org\/{rel}","templated":true}]}}