{"id":1275,"date":"2020-10-02T10:49:35","date_gmt":"2020-10-02T13:49:35","guid":{"rendered":"http:\/\/nordesteimprensa.com.br\/?p=1275"},"modified":"2020-10-02T10:49:36","modified_gmt":"2020-10-02T13:49:36","slug":"ministerio-publico-nega-ter-pedido-cassacao-de-chapa-da-coligacao-mais-trabalho-mais-futuro-em-ribeira-do-pombal-ba","status":"publish","type":"post","link":"https:\/\/nordesteimprensa.com.br\/index.php\/2020\/10\/02\/ministerio-publico-nega-ter-pedido-cassacao-de-chapa-da-coligacao-mais-trabalho-mais-futuro-em-ribeira-do-pombal-ba\/","title":{"rendered":"Minist\u00e9rio P\u00fablico nega ter pedido cassa\u00e7\u00e3o de chapa da Coliga\u00e7\u00e3o \u201cMais Trabalho, mais Futuro\u201d, em Ribeira do Pombal-BA"},"content":{"rendered":"\n<p>Um v\u00eddeo divulgado pelo candidato a vice-prefeito pela Coliga\u00e7\u00e3o \u201cA For\u00e7a que Vem do Povo\u201d, Carlos Vinicius de Melo Gomes Calasans (Gordo de Dad\u00e1),\u00a0 afirmava que o Minist\u00e9rio P\u00fablico, representado pelo Promotor de Justi\u00e7a Dr. Alan Cedraz Carneiro Santiago, havia pedido numa a\u00e7\u00e3o judicial, entre outros requerimentos, a Cassa\u00e7\u00e3o da Chapa Majorit\u00e1ria da Coliga\u00e7\u00e3o \u201cMais Trabalho, mais Futuro\u201d, que tem como candidatos Eriksson Silva (ao cargo de prefeito) e Nathan Brito (Vice Prefeito).<\/p>\n\n\n\n<p>Citando trechos da referida representa\u00e7\u00e3o, \u201cGordo de Dad\u00e1\u201d afirma que\u00a0<strong>\u201co Minist\u00e9rio P\u00fablico acabara de pedir a cassa\u00e7\u00e3o do registro de candidatura de Eriksson Silva e Nathan Brito\u201d<\/strong>, sob a acusa\u00e7\u00e3o de Propaganda Eleitoral Antecipada, e Propaganda Institucional, e finaliza:\u00a0<strong>\u201cA pergunta que n\u00e3o quer calar; quem ser\u00e1 o candidato da situa\u00e7\u00e3o?\u201d.<\/strong><\/p>\n\n\n\n<p>Em nota, a Coliga\u00e7\u00e3o \u201cMais Trabalho, mais Futuro\u201d, afirmou que o Minist\u00e9rio P\u00fablico fez uma representa\u00e7\u00e3o, se referindo ainda \u00e0 fase de pr\u00e9-campanha, por suposta pr\u00e1tica de propaganda eleitoral antecipada, pedindo que a justi\u00e7a aplique multa e retirada de algumas postagens no facebook, mas negou que tenha havido o pedido de cassa\u00e7\u00e3o de registro de candidatura, e finalizou afirmando que\u00a0<strong>\u201cpublicar e compartilhar not\u00edcia falsa \u00e9 crime, e que todos os envolvidos ser\u00e3o responsabilizados.\u201d\u00a0<\/strong>\u00a0<strong>Confira a nota:<\/strong><\/p>\n\n\n\n<figure class=\"wp-block-image\"><img decoding=\"async\" src=\"https:\/\/www.portalalerta.com.br\/wp-content\/uploads\/2020\/10\/Nota-da-Coliga%C3%A7%C3%A3o-Mais-Trabalho-mais-futuro-2020.jpg\" alt=\"\"\/><\/figure>\n\n\n\n<h2 class=\"wp-block-heading\"><strong>Minist\u00e9rio P\u00fablico<\/strong><\/h2>\n\n\n\n<p>Diante dos debates gerados entre eleitores, e troca de acusa\u00e7\u00f5es entre as coliga\u00e7\u00f5es envolvidas, o PORTAL ALERTA, procurou mais informa\u00e7\u00f5es sobre a Representa\u00e7\u00e3o. De acordo com Dr. Alan Cedraz, Promotor de Justi\u00e7a respons\u00e1vel pela Promotoria de Ribeira do Pombal, e autor da representa\u00e7\u00e3o, n\u00e3o houve pedido de Cassa\u00e7\u00e3o de Chapa na a\u00e7\u00e3o em quest\u00e3o.\u00a0<em><strong>\u201cO pedido foi de remo\u00e7\u00e3o da propaganda e aplica\u00e7\u00e3o de multa\u201d<\/strong><\/em>\u00a0afirmou o Promotor.<\/p>\n\n\n\n<h2 class=\"wp-block-heading\">Lei da Fake News<\/h2>\n\n\n\n<p>Ao PORTAL ALERTA, representantes da chapa \u201cMais Trabalho, mais Futuro\u201d, afirmaram que ir\u00e3o ingressar com uma a\u00e7\u00e3o contra Gordo de Dad\u00e1, pela pr\u00e1tica de Fake news eleitoral.<\/p>\n\n\n\n<p>Desde 11 de novembro de 2019, a Lei 13.834\/2019, tipifica o crime de denuncia\u00e7\u00e3o caluniosa com finalidade eleitoral, onde prev\u00ea puni\u00e7\u00e3o de dois a oito anos de pris\u00e3o para quem divulgar not\u00edcias falsas contra candidatos em elei\u00e7\u00e3o.<\/p>\n\n\n\n<p>Em pronunciamento feito na v\u00e9spera do in\u00edcio do per\u00edodo eleitoral, no \u00faltimo dia 26, o Presidente do Tribunal Superior Eleitoral (TSE), Lu\u00eds Roberto Barroso, alertou sobre os cuidados que devem ser adotados por eleitores diante da pandemia do Coronav\u00edrus, bem como das Fake news (Not\u00edcias Falsas), ao que chamou de V\u00edrus.<\/p>\n\n\n\n<p><strong>\u201cH\u00e1 um outro v\u00edrus que ronda as elei\u00e7\u00f5es, capaz de comprometer n\u00e3o a sa\u00fade p\u00fablica, mas a pr\u00f3pria democracia. Trata-se das not\u00edcias falsas, das campanhas de desinforma\u00e7\u00e3o e de difama\u00e7\u00e3o\u201d<\/strong>, disse Barroso.<\/p>\n\n\n\n<p><\/p>\n\n\n\n<p>Fonte Portal Alerta <\/p>\n\n\n\n<p><\/p>\n","protected":false},"excerpt":{"rendered":"<p>Um v\u00eddeo divulgado pelo candidato a vice-prefeito pela Coliga\u00e7\u00e3o \u201cA For\u00e7a que Vem do Povo\u201d, Carlos Vinicius de Melo Gomes Calasans (Gordo de Dad\u00e1),\u00a0 afirmava que o Minist\u00e9rio P\u00fablico, representado pelo Promotor de Justi\u00e7a Dr. Alan Cedraz Carneiro Santiago, havia pedido numa a\u00e7\u00e3o judicial, entre outros requerimentos, a Cassa\u00e7\u00e3o da Chapa Majorit\u00e1ria da Coliga\u00e7\u00e3o \u201cMais [&hellip;]<\/p>\n","protected":false},"author":1,"featured_media":1276,"comment_status":"open","ping_status":"open","sticky":false,"template":"","format":"standard","meta":{"footnotes":""},"categories":[10,47],"tags":[],"class_list":{"0":"post-1275","1":"post","2":"type-post","3":"status-publish","4":"format-standard","5":"has-post-thumbnail","7":"category-theme-features","8":"category-politica-2"},"_links":{"self":[{"href":"https:\/\/nordesteimprensa.com.br\/index.php\/wp-json\/wp\/v2\/posts\/1275","targetHints":{"allow":["GET"]}}],"collection":[{"href":"https:\/\/nordesteimprensa.com.br\/index.php\/wp-json\/wp\/v2\/posts"}],"about":[{"href":"https:\/\/nordesteimprensa.com.br\/index.php\/wp-json\/wp\/v2\/types\/post"}],"author":[{"embeddable":true,"href":"https:\/\/nordesteimprensa.com.br\/index.php\/wp-json\/wp\/v2\/users\/1"}],"replies":[{"embeddable":true,"href":"https:\/\/nordesteimprensa.com.br\/index.php\/wp-json\/wp\/v2\/comments?post=1275"}],"version-history":[{"count":1,"href":"https:\/\/nordesteimprensa.com.br\/index.php\/wp-json\/wp\/v2\/posts\/1275\/revisions"}],"predecessor-version":[{"id":1277,"href":"https:\/\/nordesteimprensa.com.br\/index.php\/wp-json\/wp\/v2\/posts\/1275\/revisions\/1277"}],"wp:featuredmedia":[{"embeddable":true,"href":"https:\/\/nordesteimprensa.com.br\/index.php\/wp-json\/wp\/v2\/media\/1276"}],"wp:attachment":[{"href":"https:\/\/nordesteimprensa.com.br\/index.php\/wp-json\/wp\/v2\/media?parent=1275"}],"wp:term":[{"taxonomy":"category","embeddable":true,"href":"https:\/\/nordesteimprensa.com.br\/index.php\/wp-json\/wp\/v2\/categories?post=1275"},{"taxonomy":"post_tag","embeddable":true,"href":"https:\/\/nordesteimprensa.com.br\/index.php\/wp-json\/wp\/v2\/tags?post=1275"}],"curies":[{"name":"wp","href":"https:\/\/api.w.org\/{rel}","templated":true}]}}