{"id":1321,"date":"2020-10-08T16:39:23","date_gmt":"2020-10-08T19:39:23","guid":{"rendered":"http:\/\/nordesteimprensa.com.br\/?p=1321"},"modified":"2020-10-08T16:39:30","modified_gmt":"2020-10-08T19:39:30","slug":"farra-em-meio-a-pandemia-prefeitura-pagaria-r-16-mil-a-aliado-e-justica-proibe","status":"publish","type":"post","link":"https:\/\/nordesteimprensa.com.br\/index.php\/2020\/10\/08\/farra-em-meio-a-pandemia-prefeitura-pagaria-r-16-mil-a-aliado-e-justica-proibe\/","title":{"rendered":"Farra em meio a pandemia: prefeitura pagaria R$ 16 mil a aliado e justi\u00e7a pro\u00edbe"},"content":{"rendered":"\n<p>O website de jornalismo \u201cOk Cidades\u201d, publicou na \u00faltima quarta-feira, 07, uma not\u00edcia que chocou o pacato munic\u00edpio de Riach\u00e3o do Dantas, localizado em Sergipe e com pouco mais de 19 mil habitantes. A prefeita Simone Andrade autorizou pagamento de R$ 16 mil ao vereador Albertino Franco, que faz parte de sua base aliada. A revolta dos moradores da cidade foi imediata, afinal, pagar um valor t\u00e3o elevado em meio a uma pandemia \u00e9 de extrema falta de bom senso e cuidado com a popula\u00e7\u00e3o.<\/p>\n\n\n\n<p>Confira a mat\u00e9ria publicada no pequeno portal \u201cOk Cidades\u201d e que repercutiu no Estado de Sergipe.<\/p>\n\n\n\n<p>A Justi\u00e7a acatou a a\u00e7\u00e3o civil movida pelo Minist\u00e9rio P\u00fablico que pedia a anula\u00e7\u00e3o de acordo de pagamentos, realizado entre a prefeitura Municipal de Riach\u00e3o do Dantas e o vereador Albertino Franco ( forte aliado de Simone Andrade) determinando assim a imediata suspens\u00e3o, sob pena de aplica\u00e7\u00e3o de multa di\u00e1ria no importe de R$ 5.000,00 (cinco mil reais)<\/p>\n\n\n\n<p>Segundo o acordo, o Ver. Albertino receberia do Munic\u00edpio a quantia de R$ 16.696,30 (dezesseis mil, seiscentos e noventa e seis reais e trinta centavos), em 08 (oito) parcelas iguais e sucessivas, no valor de R$ 2.087,03 (dois mil,<br>oitenta e sete reais e tr\u00eas centavos), em conjunto com a remunera\u00e7\u00e3o mensal. A primeira parcela seria paga no dia 15 de agosto.<\/p>\n\n\n\n<p>Para o Minist\u00e9rio P\u00fablico a aproxima\u00e7\u00e3o da prefeita Simone e Albertino torna o acordo suspeito.<\/p>\n\n\n\n<p>Isso ainda porque, para o promotor &#8220;o acordo celebrado entre os<br>requeridos e homologado por esse Ju\u00edzo colide frontalmente com o texto constitucional j\u00e1 que subverte a ordem de pagamento das obriga\u00e7\u00f5es judicialmente reconhecidas, frustrando a justa expectativa daqueles que h\u00e1 anos aguardam pela satisfa\u00e7\u00e3o de seus cr\u00e9ditos.&#8221;<\/p>\n\n\n\n<p>O Munic\u00edpio possui uma lista de 126 precat\u00f3rios a pagar, muitos de natureza alimentar, inscritos em datas anteriores e com valores menores. O primeiro precat\u00f3rio alimentar da rela\u00e7\u00e3o, apresentado em 26 de fevereiro de 2013, tem o valor de R$ 5.242,80.<\/p>\n\n\n\n<p><\/p>\n\n\n\n<p>Fonte Nordeste Imprensa<\/p>\n\n\n\n<p><\/p>\n","protected":false},"excerpt":{"rendered":"<p>O website de jornalismo \u201cOk Cidades\u201d, publicou na \u00faltima quarta-feira, 07, uma not\u00edcia que chocou o pacato munic\u00edpio de Riach\u00e3o do Dantas, localizado em Sergipe e com pouco mais de 19 mil habitantes. A prefeita Simone Andrade autorizou pagamento de R$ 16 mil ao vereador Albertino Franco, que faz parte de sua base aliada. A [&hellip;]<\/p>\n","protected":false},"author":1,"featured_media":1322,"comment_status":"open","ping_status":"open","sticky":false,"template":"","format":"standard","meta":{"footnotes":""},"categories":[10,47],"tags":[],"class_list":{"0":"post-1321","1":"post","2":"type-post","3":"status-publish","4":"format-standard","5":"has-post-thumbnail","7":"category-theme-features","8":"category-politica-2"},"_links":{"self":[{"href":"https:\/\/nordesteimprensa.com.br\/index.php\/wp-json\/wp\/v2\/posts\/1321","targetHints":{"allow":["GET"]}}],"collection":[{"href":"https:\/\/nordesteimprensa.com.br\/index.php\/wp-json\/wp\/v2\/posts"}],"about":[{"href":"https:\/\/nordesteimprensa.com.br\/index.php\/wp-json\/wp\/v2\/types\/post"}],"author":[{"embeddable":true,"href":"https:\/\/nordesteimprensa.com.br\/index.php\/wp-json\/wp\/v2\/users\/1"}],"replies":[{"embeddable":true,"href":"https:\/\/nordesteimprensa.com.br\/index.php\/wp-json\/wp\/v2\/comments?post=1321"}],"version-history":[{"count":1,"href":"https:\/\/nordesteimprensa.com.br\/index.php\/wp-json\/wp\/v2\/posts\/1321\/revisions"}],"predecessor-version":[{"id":1323,"href":"https:\/\/nordesteimprensa.com.br\/index.php\/wp-json\/wp\/v2\/posts\/1321\/revisions\/1323"}],"wp:featuredmedia":[{"embeddable":true,"href":"https:\/\/nordesteimprensa.com.br\/index.php\/wp-json\/wp\/v2\/media\/1322"}],"wp:attachment":[{"href":"https:\/\/nordesteimprensa.com.br\/index.php\/wp-json\/wp\/v2\/media?parent=1321"}],"wp:term":[{"taxonomy":"category","embeddable":true,"href":"https:\/\/nordesteimprensa.com.br\/index.php\/wp-json\/wp\/v2\/categories?post=1321"},{"taxonomy":"post_tag","embeddable":true,"href":"https:\/\/nordesteimprensa.com.br\/index.php\/wp-json\/wp\/v2\/tags?post=1321"}],"curies":[{"name":"wp","href":"https:\/\/api.w.org\/{rel}","templated":true}]}}