{"id":1347,"date":"2020-10-10T12:53:46","date_gmt":"2020-10-10T15:53:46","guid":{"rendered":"http:\/\/nordesteimprensa.com.br\/?p=1347"},"modified":"2020-10-10T12:53:49","modified_gmt":"2020-10-10T15:53:49","slug":"policia-investiga-tentativa-de-estupro-a-menina-de-11-anos-em-nossa-senhora-do-socorro-se","status":"publish","type":"post","link":"https:\/\/nordesteimprensa.com.br\/index.php\/2020\/10\/10\/policia-investiga-tentativa-de-estupro-a-menina-de-11-anos-em-nossa-senhora-do-socorro-se\/","title":{"rendered":"Pol\u00edcia investiga tentativa de estupro a menina de 11 anos em Nossa Senhora do Socorro Se"},"content":{"rendered":"\n<p>A Delegacia de Atendimento a Grupos Vulner\u00e1veis (DAGV) est\u00e1 investigando uma tentativa de estupro a uma menina de 11 anos no munic\u00edpio de Nossa Senhora do Socorro. O caso chamou aten\u00e7\u00e3o ap\u00f3s um v\u00eddeo com o flagrante do ato come\u00e7ar a circular nas redes sociais nessa quinta-feira (8).<\/p>\n\n\n\n<p>O momento \u00e9 filmado por um homem, que entra em uma regi\u00e3o de matagal, e se depara com a cena. Ele interrompe o fato chamando a aten\u00e7\u00e3o do suspeito e, nesse momento, a v\u00edtima grita pedindo socorro, diz que ele quer mat\u00e1-la com uma faca e corre. O suspeito foge, segurando a arma.<\/p>\n\n\n\n<p>Em entrevista ao&nbsp;<strong>SE1<\/strong>, o homem que fez o v\u00eddeo disse que a menina ainda teve as m\u00e3os cortadas com a faca.<\/p>\n\n\n\n<p>O Centro Integrado de Opera\u00e7\u00f5es em Seguran\u00e7a P\u00fablica foi acionado e equipes da Pol\u00edcia Militar realizaram dilig\u00eancias na regi\u00e3o no fim da tarde. Durante a noite, a menina foi identificada e prestou depoimento na delegacia junto com familiares. Ela passou por exames no Instituto M\u00e9dico Legal (IML) e na Maternidade Nossa Senhora de Lourdes, em Aracaju.<\/p>\n\n\n\n<p>Buscas continuam sendo realizadas para tentar identificar o suspeito. Informa\u00e7\u00f5es podem ser passadas \u00e0 pol\u00edcia atrav\u00e9s do 190 ou do Disque-Den\u00fancia 181.<\/p>\n\n\n\n<p><\/p>\n\n\n\n<p>Fonte G1 Sergipe<\/p>\n\n\n\n<p><\/p>\n","protected":false},"excerpt":{"rendered":"<p>A Delegacia de Atendimento a Grupos Vulner\u00e1veis (DAGV) est\u00e1 investigando uma tentativa de estupro a uma menina de 11 anos no munic\u00edpio de Nossa Senhora do Socorro. O caso chamou aten\u00e7\u00e3o ap\u00f3s um v\u00eddeo com o flagrante do ato come\u00e7ar a circular nas redes sociais nessa quinta-feira (8). O momento \u00e9 filmado por um homem, [&hellip;]<\/p>\n","protected":false},"author":1,"featured_media":1348,"comment_status":"open","ping_status":"open","sticky":false,"template":"","format":"standard","meta":{"footnotes":""},"categories":[10,38],"tags":[],"class_list":{"0":"post-1347","1":"post","2":"type-post","3":"status-publish","4":"format-standard","5":"has-post-thumbnail","7":"category-theme-features","8":"category-policial"},"_links":{"self":[{"href":"https:\/\/nordesteimprensa.com.br\/index.php\/wp-json\/wp\/v2\/posts\/1347","targetHints":{"allow":["GET"]}}],"collection":[{"href":"https:\/\/nordesteimprensa.com.br\/index.php\/wp-json\/wp\/v2\/posts"}],"about":[{"href":"https:\/\/nordesteimprensa.com.br\/index.php\/wp-json\/wp\/v2\/types\/post"}],"author":[{"embeddable":true,"href":"https:\/\/nordesteimprensa.com.br\/index.php\/wp-json\/wp\/v2\/users\/1"}],"replies":[{"embeddable":true,"href":"https:\/\/nordesteimprensa.com.br\/index.php\/wp-json\/wp\/v2\/comments?post=1347"}],"version-history":[{"count":1,"href":"https:\/\/nordesteimprensa.com.br\/index.php\/wp-json\/wp\/v2\/posts\/1347\/revisions"}],"predecessor-version":[{"id":1349,"href":"https:\/\/nordesteimprensa.com.br\/index.php\/wp-json\/wp\/v2\/posts\/1347\/revisions\/1349"}],"wp:featuredmedia":[{"embeddable":true,"href":"https:\/\/nordesteimprensa.com.br\/index.php\/wp-json\/wp\/v2\/media\/1348"}],"wp:attachment":[{"href":"https:\/\/nordesteimprensa.com.br\/index.php\/wp-json\/wp\/v2\/media?parent=1347"}],"wp:term":[{"taxonomy":"category","embeddable":true,"href":"https:\/\/nordesteimprensa.com.br\/index.php\/wp-json\/wp\/v2\/categories?post=1347"},{"taxonomy":"post_tag","embeddable":true,"href":"https:\/\/nordesteimprensa.com.br\/index.php\/wp-json\/wp\/v2\/tags?post=1347"}],"curies":[{"name":"wp","href":"https:\/\/api.w.org\/{rel}","templated":true}]}}