{"id":1350,"date":"2020-10-13T14:51:20","date_gmt":"2020-10-13T17:51:20","guid":{"rendered":"http:\/\/nordesteimprensa.com.br\/?p=1350"},"modified":"2020-10-14T09:14:53","modified_gmt":"2020-10-14T12:14:53","slug":"voluntario-desde-os-6-anos-adolescente-conta-como-conheceu-as-obras-de-irma-dulce","status":"publish","type":"post","link":"https:\/\/nordesteimprensa.com.br\/index.php\/2020\/10\/13\/voluntario-desde-os-6-anos-adolescente-conta-como-conheceu-as-obras-de-irma-dulce\/","title":{"rendered":"Volunt\u00e1rio desde os 6 anos, adolescente Baiano conta como conheceu as obras de Irm\u00e3 Dulce"},"content":{"rendered":"\n<p>Ajudar o pr\u00f3ximo. Esse \u00e9 o lema do&nbsp;estudante Gabriel Weber, de 13 anos.&nbsp;Desde os seis, ele \u00e9 volunt\u00e1rio das Obras Sociais Irm\u00e3 Dulce (Osid), se dedicando a dar aten\u00e7\u00e3o aos pacientes e fazendo campanhas de arrecada\u00e7\u00f5es.<\/p>\n\n\n\n<p>Nesta ter\u00e7a-feira (13) completa&nbsp;um ano da canoniza\u00e7\u00e3o da santa.&nbsp;O estudante tamb\u00e9m relembrou esse momento, que para ele foi hist\u00f3rico. &#8220;A gente [ele e a fam\u00edlia] ficou muito feliz. Ela sempre foi santa&#8221;, destaca.<\/p>\n\n\n\n<p>Gabriel ressalta a import\u00e2ncia de todo ensinamento deixado pela Santa Dulce, principalmente o&nbsp;acolhimento aos necessitados.<\/p>\n\n\n\n<p>&#8220;Com cinco anos eu quis ser s\u00f3cio-protetor. Dar uma quantia em dinheiro para as Obras. Eu tinha uma mesada de R$ 30 e dava R$ 10 todo m\u00eas&#8221;, detalha.<\/p>\n\n\n\n<p>S\u00f3cio-protetor \u00e9 a pessoa que contribui mensalmente com um valor em dinheiro para a Osid. A m\u00e3e de Gabriel relata que ele conheceu o Memorial Irm\u00e3 Dulce, que guarda objetos e hist\u00f3ria da Santa, aos cinco anos. Desde ent\u00e3o, o garotinho teve curiosidade sobre a hist\u00f3ria da santa.<\/p>\n\n\n\n<p>&#8220;Foi o despertar dele. Depois que mostrei tudo [a Osid], ele me perguntou: &#8216;Se as obras atendem de gra\u00e7a, como as obras t\u00eam dinheiro para atender todo mundo?&#8217; Expliquei para ele conforme entendimento da idade e logo ele quis ajudar&#8221;, conta a m\u00e3e de Gabriel, Sheila Weber.<\/p>\n\n\n\n<p>Com seis anos,&nbsp;Gabriel decidiu fazer uma campanha para ajudar na constru\u00e7\u00e3o do banco de sangue&nbsp;do Hospital Santo Ant\u00f4nio, que faz parte das Obras.<\/p>\n\n\n\n<p>&#8220;Fiz a campanha dos R$ 100 reais achando que esse valor ia dar para construir toda a unidade de coleta e transfus\u00e3o de sangue. Eu achava que era uma fortuna. Consegui R$ 250 e eu doei para as Obras&#8221;, relembra.<\/p>\n\n\n\n<p>O estudante disse que j\u00e1 se vestiu da Papai Noel para dar presentes, j\u00e1 fez outras campanhas de arrecada\u00e7\u00e3o e destaca que o importante \u00e9 se movimentar para ajudar quem precisa.<\/p>\n\n\n\n<p>&#8220;Minhas metas de campanha sempre foram absurdas&#8221;, brinca.<\/p>\n\n\n\n<p>&#8220;Uma vez quis arrecadar uma tonelada de alimentos. Consegui 850 kg, mas j\u00e1 foi alguma coisa, j\u00e1 ajudou. Na \u00e9poca eu tinha sete anos&#8221;, conta.<\/p>\n\n\n\n<p>Com a pandemia, as visitas dos volunt\u00e1rios est\u00e3o suspensas nas Obras. Antes disso, Gabriel, que integra o grupo de voluntariado Anjinhos de Dulce, participava de atividades para as pessoas que est\u00e3o no Centro de Acolhimento a Pessoas com Defici\u00eancias da unidade.<\/p>\n\n\n\n<p>&#8220;Com a pandemia, n\u00e3o estou podendo ir l\u00e1. Eu fa\u00e7o campanhas de arrecada\u00e7\u00f5es e continuo com s\u00f3cio-protetor. Os pacientes de l\u00e1 est\u00e3o entediados, sem ter o que fazer, ent\u00e3o a gente vai, conversa, joga tabuleiro, d\u00e1 aten\u00e7\u00e3o a essas pessoas&#8221;, conta.<\/p>\n\n\n\n<p>Em agosto deste ano, ele&nbsp;participou do Concurso Virtual Altar de Santa Dulce dos Pobres, promovido pela Osid, durante as&nbsp;comemora\u00e7\u00f5es do dia de Irm\u00e3 Dulce, celebrado em 13 de agosto. Isso porque foi em 13 de agosto de 1933 que ela recebeu o h\u00e1bito de freira e adotou o nome pelo qual ficou conhecida.<\/p>\n\n\n\n<p>No altar, Gabriel trouxe uma Santa Dulce bem grande, feita com materiais recicl\u00e1veis e, embaixo, o globo terrestre com v\u00e1rias pessoas ao redor. Sua obra teve como t\u00edtulo: &#8216;Santa Dulce: a Santa da Bahia, do Brasil, do Mundo e de todos&#8217;.<\/p>\n\n\n\n<p>&#8220;A ideia foi minha, mas tive ajuda na hora de fazer. As pessoas ao redor do mundo representam que Irm\u00e3 Dulce acolhe e ama todo mundo independentemente de cor da pele, de doen\u00e7a. Se voc\u00ea reparar, tem pessoas de todos os tipos, com cores de olhos diferentes, pessoas de \u00f3culos. Tentei englobar o m\u00e1ximo de pessoa poss\u00edvel para poder representar isso, que ela amava a todos&#8221;, conclui.<\/p>\n\n\n\n<p><\/p>\n\n\n\n<p>Fonte G1 Bahia<\/p>\n\n\n\n<p><\/p>\n","protected":false},"excerpt":{"rendered":"<p>Ajudar o pr\u00f3ximo. Esse \u00e9 o lema do&nbsp;estudante Gabriel Weber, de 13 anos.&nbsp;Desde os seis, ele \u00e9 volunt\u00e1rio das Obras Sociais Irm\u00e3 Dulce (Osid), se dedicando a dar aten\u00e7\u00e3o aos pacientes e fazendo campanhas de arrecada\u00e7\u00f5es. Nesta ter\u00e7a-feira (13) completa&nbsp;um ano da canoniza\u00e7\u00e3o da santa.&nbsp;O estudante tamb\u00e9m relembrou esse momento, que para ele foi hist\u00f3rico. [&hellip;]<\/p>\n","protected":false},"author":1,"featured_media":1352,"comment_status":"open","ping_status":"open","sticky":false,"template":"","format":"standard","meta":{"footnotes":""},"categories":[40,10],"tags":[],"class_list":{"0":"post-1350","1":"post","2":"type-post","3":"status-publish","4":"format-standard","5":"has-post-thumbnail","7":"category-cidadania","8":"category-theme-features"},"_links":{"self":[{"href":"https:\/\/nordesteimprensa.com.br\/index.php\/wp-json\/wp\/v2\/posts\/1350","targetHints":{"allow":["GET"]}}],"collection":[{"href":"https:\/\/nordesteimprensa.com.br\/index.php\/wp-json\/wp\/v2\/posts"}],"about":[{"href":"https:\/\/nordesteimprensa.com.br\/index.php\/wp-json\/wp\/v2\/types\/post"}],"author":[{"embeddable":true,"href":"https:\/\/nordesteimprensa.com.br\/index.php\/wp-json\/wp\/v2\/users\/1"}],"replies":[{"embeddable":true,"href":"https:\/\/nordesteimprensa.com.br\/index.php\/wp-json\/wp\/v2\/comments?post=1350"}],"version-history":[{"count":2,"href":"https:\/\/nordesteimprensa.com.br\/index.php\/wp-json\/wp\/v2\/posts\/1350\/revisions"}],"predecessor-version":[{"id":1360,"href":"https:\/\/nordesteimprensa.com.br\/index.php\/wp-json\/wp\/v2\/posts\/1350\/revisions\/1360"}],"wp:featuredmedia":[{"embeddable":true,"href":"https:\/\/nordesteimprensa.com.br\/index.php\/wp-json\/wp\/v2\/media\/1352"}],"wp:attachment":[{"href":"https:\/\/nordesteimprensa.com.br\/index.php\/wp-json\/wp\/v2\/media?parent=1350"}],"wp:term":[{"taxonomy":"category","embeddable":true,"href":"https:\/\/nordesteimprensa.com.br\/index.php\/wp-json\/wp\/v2\/categories?post=1350"},{"taxonomy":"post_tag","embeddable":true,"href":"https:\/\/nordesteimprensa.com.br\/index.php\/wp-json\/wp\/v2\/tags?post=1350"}],"curies":[{"name":"wp","href":"https:\/\/api.w.org\/{rel}","templated":true}]}}