{"id":1354,"date":"2020-10-13T16:05:41","date_gmt":"2020-10-13T19:05:41","guid":{"rendered":"http:\/\/nordesteimprensa.com.br\/?p=1354"},"modified":"2020-10-13T16:05:56","modified_gmt":"2020-10-13T19:05:56","slug":"incendio-atinge-loja-de-confeccoes-no-bairro-de-sao-cristovao-em-salvador","status":"publish","type":"post","link":"https:\/\/nordesteimprensa.com.br\/index.php\/2020\/10\/13\/incendio-atinge-loja-de-confeccoes-no-bairro-de-sao-cristovao-em-salvador\/","title":{"rendered":"Inc\u00eandio atinge loja de confec\u00e7\u00f5es no bairro de S\u00e3o Crist\u00f3v\u00e3o, em Salvador"},"content":{"rendered":"\n<p>Um inc\u00eandio atingiu uma loja de confec\u00e7\u00f5es e utilidades dom\u00e9sticas&nbsp;no bairro de S\u00e3o Crist\u00f3v\u00e3o, em Salvador, na manh\u00e3 desta ter\u00e7a-feira (13). N\u00e3o houve feridos.<\/p>\n\n\n\n<p>O dono do estabelecimento disse que foi informado das chamas por volta das 6h e, quando chegou na loja, parte dela j\u00e1 estava destru\u00edda. Ainda n\u00e3o n\u00e3o h\u00e1 informa\u00e7\u00f5es das causas do inc\u00eandio.<\/p>\n\n\n\n<p>Uma equipe do Corpo de Bombeiros foi acionada para combater as chamas no fundo do estabelecimento, que fica na Travessa 3 de Maio.<\/p>\n\n\n\n<p><\/p>\n\n\n\n<p>Fonte G1 Nordeste<\/p>\n","protected":false},"excerpt":{"rendered":"<p>Um inc\u00eandio atingiu uma loja de confec\u00e7\u00f5es e utilidades dom\u00e9sticas&nbsp;no bairro de S\u00e3o Crist\u00f3v\u00e3o, em Salvador, na manh\u00e3 desta ter\u00e7a-feira (13). N\u00e3o houve feridos. O dono do estabelecimento disse que foi informado das chamas por volta das 6h e, quando chegou na loja, parte dela j\u00e1 estava destru\u00edda. Ainda n\u00e3o n\u00e3o h\u00e1 informa\u00e7\u00f5es das causas [&hellip;]<\/p>\n","protected":false},"author":1,"featured_media":1355,"comment_status":"open","ping_status":"open","sticky":false,"template":"","format":"standard","meta":{"footnotes":""},"categories":[43,10],"tags":[],"class_list":{"0":"post-1354","1":"post","2":"type-post","3":"status-publish","4":"format-standard","5":"has-post-thumbnail","7":"category-acidente","8":"category-theme-features"},"_links":{"self":[{"href":"https:\/\/nordesteimprensa.com.br\/index.php\/wp-json\/wp\/v2\/posts\/1354","targetHints":{"allow":["GET"]}}],"collection":[{"href":"https:\/\/nordesteimprensa.com.br\/index.php\/wp-json\/wp\/v2\/posts"}],"about":[{"href":"https:\/\/nordesteimprensa.com.br\/index.php\/wp-json\/wp\/v2\/types\/post"}],"author":[{"embeddable":true,"href":"https:\/\/nordesteimprensa.com.br\/index.php\/wp-json\/wp\/v2\/users\/1"}],"replies":[{"embeddable":true,"href":"https:\/\/nordesteimprensa.com.br\/index.php\/wp-json\/wp\/v2\/comments?post=1354"}],"version-history":[{"count":1,"href":"https:\/\/nordesteimprensa.com.br\/index.php\/wp-json\/wp\/v2\/posts\/1354\/revisions"}],"predecessor-version":[{"id":1356,"href":"https:\/\/nordesteimprensa.com.br\/index.php\/wp-json\/wp\/v2\/posts\/1354\/revisions\/1356"}],"wp:featuredmedia":[{"embeddable":true,"href":"https:\/\/nordesteimprensa.com.br\/index.php\/wp-json\/wp\/v2\/media\/1355"}],"wp:attachment":[{"href":"https:\/\/nordesteimprensa.com.br\/index.php\/wp-json\/wp\/v2\/media?parent=1354"}],"wp:term":[{"taxonomy":"category","embeddable":true,"href":"https:\/\/nordesteimprensa.com.br\/index.php\/wp-json\/wp\/v2\/categories?post=1354"},{"taxonomy":"post_tag","embeddable":true,"href":"https:\/\/nordesteimprensa.com.br\/index.php\/wp-json\/wp\/v2\/tags?post=1354"}],"curies":[{"name":"wp","href":"https:\/\/api.w.org\/{rel}","templated":true}]}}