{"id":1390,"date":"2020-10-16T11:11:11","date_gmt":"2020-10-16T14:11:11","guid":{"rendered":"http:\/\/nordesteimprensa.com.br\/?p=1390"},"modified":"2020-10-16T11:11:12","modified_gmt":"2020-10-16T14:11:12","slug":"pf-cumpre-mandados-da-lava-jato-no-ceara-na-bahia-e-em-sao-paulo","status":"publish","type":"post","link":"https:\/\/nordesteimprensa.com.br\/index.php\/2020\/10\/16\/pf-cumpre-mandados-da-lava-jato-no-ceara-na-bahia-e-em-sao-paulo\/","title":{"rendered":"PF cumpre mandados da Lava Jato no Cear\u00e1, na Bahia e em S\u00e3o Paulo"},"content":{"rendered":"\n<p>A Pol\u00edcia Federal (PF) cumpre 17 mandados de busca e apreens\u00e3o em Fortaleza, S\u00e3o Paulo e Salvador nesta sexta-feira (16), em mais uma fase da\u00a0Opera\u00e7\u00e3o Lava Jato\u00a0Eleitoral. Conforme a PF, a a\u00e7\u00e3o, batizada de &#8220;Marquetagem&#8221;, apura condutas &#8220;potencialmente il\u00edcitas&#8221; de pol\u00edticos e empres\u00e1rios na libera\u00e7\u00e3o de cr\u00e9ditos tribut\u00e1rios provenientes do Programa de Incentivos \u00e0s Atividades Portu\u00e1rias e Industriais do Cear\u00e1 (Proapi), em troca do recebimento de vantagens indevidas.<\/p>\n\n\n\n<p>Os mandados foram expedidos pela Justi\u00e7a Eleitoral. A nova fase d\u00e1 continuidade a investiga\u00e7\u00f5es iniciadas em 2018, com a colabora\u00e7\u00e3o premiada dos executivos do Grupo J &amp; F.<\/p>\n\n\n\n<p>A Pol\u00edcia Federal n\u00e3o divulgou os nomes dos alvos dos mandados e informou que &#8220;por determina\u00e7\u00e3o judicial n\u00e3o haver\u00e1 coletivas&#8221; sobre a opera\u00e7\u00e3o. Segundo informa\u00e7\u00f5es da PF na Bahia, um mandado foi cumprido no Centro de Salvador.<\/p>\n\n\n\n<p>Os pagamentos, que totalizam R$ 25 milh\u00f5es, teriam ocorrido por meio da simula\u00e7\u00e3o da presta\u00e7\u00e3o de servi\u00e7os publicit\u00e1rios, do uso de notas fiscais frias e de doa\u00e7\u00f5es oficiais para campanhas eleitorais nos anos de 2010 e 2014.<\/p>\n\n\n\n<p>Segundo a Pol\u00edcia Federal, caso sejam comprovados os crimes, os investigados podem responder por falsidade ideol\u00f3gica eleitoral, corrup\u00e7\u00e3o, lavagem de dinheiro e por integrar organiza\u00e7\u00e3o criminosa.<\/p>\n\n\n\n<p><\/p>\n\n\n\n<p>Fonte G1.com<\/p>\n","protected":false},"excerpt":{"rendered":"<p>A Pol\u00edcia Federal (PF) cumpre 17 mandados de busca e apreens\u00e3o em Fortaleza, S\u00e3o Paulo e Salvador nesta sexta-feira (16), em mais uma fase da\u00a0Opera\u00e7\u00e3o Lava Jato\u00a0Eleitoral. Conforme a PF, a a\u00e7\u00e3o, batizada de &#8220;Marquetagem&#8221;, apura condutas &#8220;potencialmente il\u00edcitas&#8221; de pol\u00edticos e empres\u00e1rios na libera\u00e7\u00e3o de cr\u00e9ditos tribut\u00e1rios provenientes do Programa de Incentivos \u00e0s Atividades [&hellip;]<\/p>\n","protected":false},"author":1,"featured_media":1391,"comment_status":"open","ping_status":"open","sticky":false,"template":"","format":"standard","meta":{"footnotes":""},"categories":[10,38],"tags":[],"class_list":{"0":"post-1390","1":"post","2":"type-post","3":"status-publish","4":"format-standard","5":"has-post-thumbnail","7":"category-theme-features","8":"category-policial"},"_links":{"self":[{"href":"https:\/\/nordesteimprensa.com.br\/index.php\/wp-json\/wp\/v2\/posts\/1390","targetHints":{"allow":["GET"]}}],"collection":[{"href":"https:\/\/nordesteimprensa.com.br\/index.php\/wp-json\/wp\/v2\/posts"}],"about":[{"href":"https:\/\/nordesteimprensa.com.br\/index.php\/wp-json\/wp\/v2\/types\/post"}],"author":[{"embeddable":true,"href":"https:\/\/nordesteimprensa.com.br\/index.php\/wp-json\/wp\/v2\/users\/1"}],"replies":[{"embeddable":true,"href":"https:\/\/nordesteimprensa.com.br\/index.php\/wp-json\/wp\/v2\/comments?post=1390"}],"version-history":[{"count":1,"href":"https:\/\/nordesteimprensa.com.br\/index.php\/wp-json\/wp\/v2\/posts\/1390\/revisions"}],"predecessor-version":[{"id":1392,"href":"https:\/\/nordesteimprensa.com.br\/index.php\/wp-json\/wp\/v2\/posts\/1390\/revisions\/1392"}],"wp:featuredmedia":[{"embeddable":true,"href":"https:\/\/nordesteimprensa.com.br\/index.php\/wp-json\/wp\/v2\/media\/1391"}],"wp:attachment":[{"href":"https:\/\/nordesteimprensa.com.br\/index.php\/wp-json\/wp\/v2\/media?parent=1390"}],"wp:term":[{"taxonomy":"category","embeddable":true,"href":"https:\/\/nordesteimprensa.com.br\/index.php\/wp-json\/wp\/v2\/categories?post=1390"},{"taxonomy":"post_tag","embeddable":true,"href":"https:\/\/nordesteimprensa.com.br\/index.php\/wp-json\/wp\/v2\/tags?post=1390"}],"curies":[{"name":"wp","href":"https:\/\/api.w.org\/{rel}","templated":true}]}}