{"id":1394,"date":"2020-10-20T11:45:04","date_gmt":"2020-10-20T14:45:04","guid":{"rendered":"http:\/\/nordesteimprensa.com.br\/?p=1394"},"modified":"2020-10-20T11:45:06","modified_gmt":"2020-10-20T14:45:06","slug":"caminhao-explode-e-deixa-tres-pessoas-mortas-no-oeste-da-bahia","status":"publish","type":"post","link":"https:\/\/nordesteimprensa.com.br\/index.php\/2020\/10\/20\/caminhao-explode-e-deixa-tres-pessoas-mortas-no-oeste-da-bahia\/","title":{"rendered":"Caminh\u00e3o explode e deixa tr\u00eas pessoas mortas no oeste da Bahia"},"content":{"rendered":"\n<p>Um caminh\u00e3o explodiu e deixou tr\u00eas homens mortos\u00a0na tarde de segunda-feira (19), na zona rural do munic\u00edpio de Cocos, no oeste da Bahia, segundo a Pol\u00edcia Militar.\u00a0O ve\u00edculo ficou completamente destru\u00eddo.<\/p>\n\n\n\n<p>O acidente aconteceu por volta das 16h30, em uma localidade de estrada de ch\u00e3o. De acordo com informa\u00e7\u00f5es da PM, uma guarni\u00e7\u00e3o do 5\u00ba pelot\u00e3o da 30\u00aa CIPM encontrou o caminh\u00e3o batido em uma \u00e1rvore, ainda pegando fogo.<\/p>\n\n\n\n<p>N\u00e3o h\u00e1 informa\u00e7\u00f5es sobre as causas do acidente e nem confirma\u00e7\u00e3o se a explos\u00e3o aconteceu antes ou ap\u00f3s a batida. Conforme a PM, as v\u00edtimas, que n\u00e3o tiveram a identidade revelada, foram projetadas para fora do ve\u00edculo e n\u00e3o resistiram aos ferimentos.<\/p>\n\n\n\n<p>Os policiais militares isolaram a \u00e1rea e acionaram o Departamento de Pol\u00edcia T\u00e9cnica (DPT) da regi\u00e3o, para realiza\u00e7\u00e3o de per\u00edcia e remo\u00e7\u00e3o dos corpos.<\/p>\n\n\n\n<p><\/p>\n\n\n\n<p>Fonte G1 Bahia<\/p>\n","protected":false},"excerpt":{"rendered":"<p>Um caminh\u00e3o explodiu e deixou tr\u00eas homens mortos\u00a0na tarde de segunda-feira (19), na zona rural do munic\u00edpio de Cocos, no oeste da Bahia, segundo a Pol\u00edcia Militar.\u00a0O ve\u00edculo ficou completamente destru\u00eddo. O acidente aconteceu por volta das 16h30, em uma localidade de estrada de ch\u00e3o. De acordo com informa\u00e7\u00f5es da PM, uma guarni\u00e7\u00e3o do 5\u00ba [&hellip;]<\/p>\n","protected":false},"author":1,"featured_media":1395,"comment_status":"open","ping_status":"open","sticky":false,"template":"","format":"standard","meta":{"footnotes":""},"categories":[43,10],"tags":[],"class_list":{"0":"post-1394","1":"post","2":"type-post","3":"status-publish","4":"format-standard","5":"has-post-thumbnail","7":"category-acidente","8":"category-theme-features"},"_links":{"self":[{"href":"https:\/\/nordesteimprensa.com.br\/index.php\/wp-json\/wp\/v2\/posts\/1394","targetHints":{"allow":["GET"]}}],"collection":[{"href":"https:\/\/nordesteimprensa.com.br\/index.php\/wp-json\/wp\/v2\/posts"}],"about":[{"href":"https:\/\/nordesteimprensa.com.br\/index.php\/wp-json\/wp\/v2\/types\/post"}],"author":[{"embeddable":true,"href":"https:\/\/nordesteimprensa.com.br\/index.php\/wp-json\/wp\/v2\/users\/1"}],"replies":[{"embeddable":true,"href":"https:\/\/nordesteimprensa.com.br\/index.php\/wp-json\/wp\/v2\/comments?post=1394"}],"version-history":[{"count":1,"href":"https:\/\/nordesteimprensa.com.br\/index.php\/wp-json\/wp\/v2\/posts\/1394\/revisions"}],"predecessor-version":[{"id":1396,"href":"https:\/\/nordesteimprensa.com.br\/index.php\/wp-json\/wp\/v2\/posts\/1394\/revisions\/1396"}],"wp:featuredmedia":[{"embeddable":true,"href":"https:\/\/nordesteimprensa.com.br\/index.php\/wp-json\/wp\/v2\/media\/1395"}],"wp:attachment":[{"href":"https:\/\/nordesteimprensa.com.br\/index.php\/wp-json\/wp\/v2\/media?parent=1394"}],"wp:term":[{"taxonomy":"category","embeddable":true,"href":"https:\/\/nordesteimprensa.com.br\/index.php\/wp-json\/wp\/v2\/categories?post=1394"},{"taxonomy":"post_tag","embeddable":true,"href":"https:\/\/nordesteimprensa.com.br\/index.php\/wp-json\/wp\/v2\/tags?post=1394"}],"curies":[{"name":"wp","href":"https:\/\/api.w.org\/{rel}","templated":true}]}}