{"id":1400,"date":"2020-10-21T08:37:13","date_gmt":"2020-10-21T11:37:13","guid":{"rendered":"http:\/\/nordesteimprensa.com.br\/?p=1400"},"modified":"2020-10-21T08:37:16","modified_gmt":"2020-10-21T11:37:16","slug":"pombalenses-sao-presos-em-fatima-ba-por-porte-ilegal-de-arma-de-fogo-e-associacao-criminosa","status":"publish","type":"post","link":"https:\/\/nordesteimprensa.com.br\/index.php\/2020\/10\/21\/pombalenses-sao-presos-em-fatima-ba-por-porte-ilegal-de-arma-de-fogo-e-associacao-criminosa\/","title":{"rendered":"Pombalenses s\u00e3o presos em F\u00e1tima-BA por Porte ilegal de arma de fogo, e Associa\u00e7\u00e3o Criminosa"},"content":{"rendered":"\n<p>Durante rondas de rotina, realizadas conjuntamente entre policiais militares e Guardas Civis Municipais de F\u00e1tima-BA, no momento em que passavam por um terreno baldio situado \u00e0s margens BA 220, visualizaram dois rapazes em atitude suspeita.<\/p>\n\n\n\n<p>Durante as buscas, foi encontrado sob o banco da motocicleta Honda CB Twister de cor amarela, demais dados n\u00e3o informados, um rev\u00f3lver cal. 32, contendo duas muni\u00e7\u00f5es intactas. A dupla que \u00e9 moradora de Ribeira do Pombal-BA, confessou que estava no local com o objetivo de recuperar uma arma de fogo utilizada num assalto a uma loja de aparelhos celulares, e que tinha sido dispensada pelos assaltantes, que tamb\u00e9m s\u00e3o pombalenses, e tamb\u00e9m tinham sido presos no mesmo local.<\/p>\n\n\n\n<p>Al\u00e9m do rev\u00f3lver e da motocicleta, foram apreendidos sob a posse da dupla: 02 aparelhos celulares; uma carteira contendo uma quantia de R$ 258,00 em esp\u00e9cie; e 01 pochete.<\/p>\n\n\n\n<p>Tanto os criminosos, quanto o material apreendido, foram conduzidos para a Central de Flagrantes em Ribeira do Pombal-BA, onde foram apresentados pelas pr\u00e1ticas de: Porte Ilegal de arma de fogo, Associa\u00e7\u00e3o Criminosa, e recepta\u00e7\u00e3o.<\/p>\n\n\n\n<p><\/p>\n\n\n\n<p>Fonte Portal Alerta <\/p>\n","protected":false},"excerpt":{"rendered":"<p>Durante rondas de rotina, realizadas conjuntamente entre policiais militares e Guardas Civis Municipais de F\u00e1tima-BA, no momento em que passavam por um terreno baldio situado \u00e0s margens BA 220, visualizaram dois rapazes em atitude suspeita. Durante as buscas, foi encontrado sob o banco da motocicleta Honda CB Twister de cor amarela, demais dados n\u00e3o informados, [&hellip;]<\/p>\n","protected":false},"author":1,"featured_media":1401,"comment_status":"open","ping_status":"open","sticky":false,"template":"","format":"standard","meta":{"footnotes":""},"categories":[10,38],"tags":[],"class_list":{"0":"post-1400","1":"post","2":"type-post","3":"status-publish","4":"format-standard","5":"has-post-thumbnail","7":"category-theme-features","8":"category-policial"},"_links":{"self":[{"href":"https:\/\/nordesteimprensa.com.br\/index.php\/wp-json\/wp\/v2\/posts\/1400","targetHints":{"allow":["GET"]}}],"collection":[{"href":"https:\/\/nordesteimprensa.com.br\/index.php\/wp-json\/wp\/v2\/posts"}],"about":[{"href":"https:\/\/nordesteimprensa.com.br\/index.php\/wp-json\/wp\/v2\/types\/post"}],"author":[{"embeddable":true,"href":"https:\/\/nordesteimprensa.com.br\/index.php\/wp-json\/wp\/v2\/users\/1"}],"replies":[{"embeddable":true,"href":"https:\/\/nordesteimprensa.com.br\/index.php\/wp-json\/wp\/v2\/comments?post=1400"}],"version-history":[{"count":1,"href":"https:\/\/nordesteimprensa.com.br\/index.php\/wp-json\/wp\/v2\/posts\/1400\/revisions"}],"predecessor-version":[{"id":1402,"href":"https:\/\/nordesteimprensa.com.br\/index.php\/wp-json\/wp\/v2\/posts\/1400\/revisions\/1402"}],"wp:featuredmedia":[{"embeddable":true,"href":"https:\/\/nordesteimprensa.com.br\/index.php\/wp-json\/wp\/v2\/media\/1401"}],"wp:attachment":[{"href":"https:\/\/nordesteimprensa.com.br\/index.php\/wp-json\/wp\/v2\/media?parent=1400"}],"wp:term":[{"taxonomy":"category","embeddable":true,"href":"https:\/\/nordesteimprensa.com.br\/index.php\/wp-json\/wp\/v2\/categories?post=1400"},{"taxonomy":"post_tag","embeddable":true,"href":"https:\/\/nordesteimprensa.com.br\/index.php\/wp-json\/wp\/v2\/tags?post=1400"}],"curies":[{"name":"wp","href":"https:\/\/api.w.org\/{rel}","templated":true}]}}