{"id":1501,"date":"2020-11-03T15:40:48","date_gmt":"2020-11-03T18:40:48","guid":{"rendered":"http:\/\/nordesteimprensa.com.br\/?p=1501"},"modified":"2020-11-03T15:40:49","modified_gmt":"2020-11-03T18:40:49","slug":"motorista-de-transporte-por-aplicativo-e-morto-a-tiros-enquanto-levava-passageiros-em-feira-de-santana","status":"publish","type":"post","link":"https:\/\/nordesteimprensa.com.br\/index.php\/2020\/11\/03\/motorista-de-transporte-por-aplicativo-e-morto-a-tiros-enquanto-levava-passageiros-em-feira-de-santana\/","title":{"rendered":"Motorista de transporte por aplicativo \u00e9 morto a tiros enquanto levava passageiros em Feira de Santana"},"content":{"rendered":"\n<p>Um homem de 35 anos foi morto a tiros na manh\u00e3 desta ter\u00e7a-feira (3), no bairro Mangabeira, na cidade de Feira de Santana, a cerca de 100 km de Salvador. A v\u00edtima era motorista de transporte por aplicativo.<\/p>\n\n\n\n<p>Segundo a delegacia da cidade, a v\u00edtima \u00e9 Elder Santos Oliveira. Ele estava transportando um homem e uma mulher, nas proximidades do Residencial Santa B\u00e1rbara, quando foi atingido pelos tiros.<\/p>\n\n\n\n<p>Ainda n\u00e3o h\u00e1 detalhes se os passageiros tamb\u00e9m foram atingidos pelos disparos. O caso \u00e9 investigado pela Delegacia de Homic\u00eddios da cidade, que vai apurar a motiva\u00e7\u00e3o e autoria do crime.<\/p>\n\n\n\n<h2 class=\"wp-block-heading\">Outro caso<\/h2>\n\n\n\n<p>Na \u00faltima sexta-feira (30),\u00a0um motorista de 23 anos, que fazia transporte clandestino, tamb\u00e9m morreu ap\u00f3s ser baleado enquanto trabalhava em Feira de Santana. De acordo com o coordenador, o homem foi identificado como Hygor Jefferson Sales Ara\u00fajo.<\/p>\n\n\n\n<p>Ainda segundo a pol\u00edcia, o crime ocorreu na Rua Vamp, que fica no bairro Gabriela, por volta de 7h, quando ele seguia para fazer uma corrida. N\u00e3o h\u00e1 informa\u00e7\u00f5es sobre autoria e motiva\u00e7\u00e3o.<\/p>\n\n\n\n<p><\/p>\n\n\n\n<p>Fonte G1 Bahia<\/p>\n","protected":false},"excerpt":{"rendered":"<p>Um homem de 35 anos foi morto a tiros na manh\u00e3 desta ter\u00e7a-feira (3), no bairro Mangabeira, na cidade de Feira de Santana, a cerca de 100 km de Salvador. A v\u00edtima era motorista de transporte por aplicativo. Segundo a delegacia da cidade, a v\u00edtima \u00e9 Elder Santos Oliveira. Ele estava transportando um homem e [&hellip;]<\/p>\n","protected":false},"author":1,"featured_media":1502,"comment_status":"open","ping_status":"open","sticky":false,"template":"","format":"standard","meta":{"footnotes":""},"categories":[10,38],"tags":[],"class_list":{"0":"post-1501","1":"post","2":"type-post","3":"status-publish","4":"format-standard","5":"has-post-thumbnail","7":"category-theme-features","8":"category-policial"},"_links":{"self":[{"href":"https:\/\/nordesteimprensa.com.br\/index.php\/wp-json\/wp\/v2\/posts\/1501","targetHints":{"allow":["GET"]}}],"collection":[{"href":"https:\/\/nordesteimprensa.com.br\/index.php\/wp-json\/wp\/v2\/posts"}],"about":[{"href":"https:\/\/nordesteimprensa.com.br\/index.php\/wp-json\/wp\/v2\/types\/post"}],"author":[{"embeddable":true,"href":"https:\/\/nordesteimprensa.com.br\/index.php\/wp-json\/wp\/v2\/users\/1"}],"replies":[{"embeddable":true,"href":"https:\/\/nordesteimprensa.com.br\/index.php\/wp-json\/wp\/v2\/comments?post=1501"}],"version-history":[{"count":1,"href":"https:\/\/nordesteimprensa.com.br\/index.php\/wp-json\/wp\/v2\/posts\/1501\/revisions"}],"predecessor-version":[{"id":1503,"href":"https:\/\/nordesteimprensa.com.br\/index.php\/wp-json\/wp\/v2\/posts\/1501\/revisions\/1503"}],"wp:featuredmedia":[{"embeddable":true,"href":"https:\/\/nordesteimprensa.com.br\/index.php\/wp-json\/wp\/v2\/media\/1502"}],"wp:attachment":[{"href":"https:\/\/nordesteimprensa.com.br\/index.php\/wp-json\/wp\/v2\/media?parent=1501"}],"wp:term":[{"taxonomy":"category","embeddable":true,"href":"https:\/\/nordesteimprensa.com.br\/index.php\/wp-json\/wp\/v2\/categories?post=1501"},{"taxonomy":"post_tag","embeddable":true,"href":"https:\/\/nordesteimprensa.com.br\/index.php\/wp-json\/wp\/v2\/tags?post=1501"}],"curies":[{"name":"wp","href":"https:\/\/api.w.org\/{rel}","templated":true}]}}