{"id":1504,"date":"2020-11-03T15:49:26","date_gmt":"2020-11-03T18:49:26","guid":{"rendered":"http:\/\/nordesteimprensa.com.br\/?p=1504"},"modified":"2020-11-03T15:49:27","modified_gmt":"2020-11-03T18:49:27","slug":"novos-tremores-de-terra-sao-registrados-em-distrito-de-amargosa-na-bahia","status":"publish","type":"post","link":"https:\/\/nordesteimprensa.com.br\/index.php\/2020\/11\/03\/novos-tremores-de-terra-sao-registrados-em-distrito-de-amargosa-na-bahia\/","title":{"rendered":"Novos tremores de terra s\u00e3o registrados em distrito de Amargosa, na Bahia"},"content":{"rendered":"\n<p>Novos\u00a0tremores de terra foram registrados\u00a0na madrugada desta ter\u00e7a-feira (3), em Corta M\u00e3o, distrito de Amargosa, cidade do rec\u00f4ncavo da Bahia. A informa\u00e7\u00e3o \u00e9 do\u00a0Laborat\u00f3rio de Sismologia da Universidade Federal do Rio Grande do Norte (UFRN).\u00a0N\u00e3o houve registro de feridos e nem de casas destru\u00eddas.<\/p>\n\n\n\n<p>De acordo com o laborat\u00f3rio,\u00a0os eventos, que ocorreram \u00e0s 0h41 e 0h50, foram sentidos pela popula\u00e7\u00e3o do distrito. A magnitude do tremor foi calculada em 1.9.<\/p>\n\n\n\n<p>A regi\u00e3o apresentou, este ano, uma intensa atividade s\u00edsmica. O\u00a0\u00faltimo tremor, com magnitude de 1,8 foi notado em 27 de outubro em Amargosa.<\/p>\n\n\n\n<p>O maior deles (4,2 de magnitude) e que assustou a popula\u00e7\u00e3o,\u00a0ocorreu no m\u00eas de agosto e tamb\u00e9m foi sentido em cidades pr\u00f3ximas\u00a0como Mutu\u00edpe e S\u00e3o Miguel das Matas. Apesar dos preju\u00edzos nos im\u00f3veis e estabelecimentos comerciais, ningu\u00e9m teve ferimentos graves.<\/p>\n\n\n\n<p>Por causa dessas atividades s\u00edsmicas o Laborat\u00f3rio Sismol\u00f3gico da UFRN informou que, em parceria com a Defesa Civil do estado da Bahia, realizou em 22 de outubro uma palestra informativa sobre sismicidade. O evento, que ocorreu nas localidades de Corta M\u00e3o e S\u00e3o Miguel das Matas e tinha como objetivo orientar, tranquilizar e informar a popula\u00e7\u00e3o das localidades mais afetadas pelos tremores de terra recentes.<\/p>\n\n\n\n<p>O Laborat\u00f3rio Sismol\u00f3gico segue monitorando e divulgando a atividade s\u00edsmica da regi\u00e3o Nordeste em tempo real.<\/p>\n\n\n\n<p><\/p>\n\n\n\n<p>Fonte G1 Bahia<\/p>\n","protected":false},"excerpt":{"rendered":"<p>Novos\u00a0tremores de terra foram registrados\u00a0na madrugada desta ter\u00e7a-feira (3), em Corta M\u00e3o, distrito de Amargosa, cidade do rec\u00f4ncavo da Bahia. A informa\u00e7\u00e3o \u00e9 do\u00a0Laborat\u00f3rio de Sismologia da Universidade Federal do Rio Grande do Norte (UFRN).\u00a0N\u00e3o houve registro de feridos e nem de casas destru\u00eddas. De acordo com o laborat\u00f3rio,\u00a0os eventos, que ocorreram \u00e0s 0h41 e [&hellip;]<\/p>\n","protected":false},"author":1,"featured_media":1505,"comment_status":"open","ping_status":"open","sticky":false,"template":"","format":"standard","meta":{"footnotes":""},"categories":[10,1],"tags":[],"class_list":{"0":"post-1504","1":"post","2":"type-post","3":"status-publish","4":"format-standard","5":"has-post-thumbnail","7":"category-theme-features","8":"category-sem-categoria"},"_links":{"self":[{"href":"https:\/\/nordesteimprensa.com.br\/index.php\/wp-json\/wp\/v2\/posts\/1504","targetHints":{"allow":["GET"]}}],"collection":[{"href":"https:\/\/nordesteimprensa.com.br\/index.php\/wp-json\/wp\/v2\/posts"}],"about":[{"href":"https:\/\/nordesteimprensa.com.br\/index.php\/wp-json\/wp\/v2\/types\/post"}],"author":[{"embeddable":true,"href":"https:\/\/nordesteimprensa.com.br\/index.php\/wp-json\/wp\/v2\/users\/1"}],"replies":[{"embeddable":true,"href":"https:\/\/nordesteimprensa.com.br\/index.php\/wp-json\/wp\/v2\/comments?post=1504"}],"version-history":[{"count":1,"href":"https:\/\/nordesteimprensa.com.br\/index.php\/wp-json\/wp\/v2\/posts\/1504\/revisions"}],"predecessor-version":[{"id":1506,"href":"https:\/\/nordesteimprensa.com.br\/index.php\/wp-json\/wp\/v2\/posts\/1504\/revisions\/1506"}],"wp:featuredmedia":[{"embeddable":true,"href":"https:\/\/nordesteimprensa.com.br\/index.php\/wp-json\/wp\/v2\/media\/1505"}],"wp:attachment":[{"href":"https:\/\/nordesteimprensa.com.br\/index.php\/wp-json\/wp\/v2\/media?parent=1504"}],"wp:term":[{"taxonomy":"category","embeddable":true,"href":"https:\/\/nordesteimprensa.com.br\/index.php\/wp-json\/wp\/v2\/categories?post=1504"},{"taxonomy":"post_tag","embeddable":true,"href":"https:\/\/nordesteimprensa.com.br\/index.php\/wp-json\/wp\/v2\/tags?post=1504"}],"curies":[{"name":"wp","href":"https:\/\/api.w.org\/{rel}","templated":true}]}}