{"id":1510,"date":"2020-11-04T12:20:50","date_gmt":"2020-11-04T15:20:50","guid":{"rendered":"http:\/\/nordesteimprensa.com.br\/?p=1510"},"modified":"2020-11-04T12:20:52","modified_gmt":"2020-11-04T15:20:52","slug":"mulher-morre-ao-colidir-automovel-em-caminhao-em-ribeira-do-pombal-ba","status":"publish","type":"post","link":"https:\/\/nordesteimprensa.com.br\/index.php\/2020\/11\/04\/mulher-morre-ao-colidir-automovel-em-caminhao-em-ribeira-do-pombal-ba\/","title":{"rendered":"Mulher morre ao colidir autom\u00f3vel em Caminh\u00e3o, em Ribeira do Pombal-BA"},"content":{"rendered":"\n<p>Um acidente ocorrido na noite da \u00faltima segunda-feira, 02, deixou uma v\u00edtima fatal, em Ribeira do Pombal-BA. O fato aconteceu na BR 110, nas proximidades da Faz Tocaia, trecho em que liga a sede do munic\u00edpio, ao Povoado Nova Esperan\u00e7a.<\/p>\n\n\n\n<p>Segundo informa\u00e7\u00f5es, o ve\u00edculo Volkswagen Gol de cor vermelha, demais dados n\u00e3o informados, que seguia sentido Nova Esperan\u00e7a\/ Ribeira do Pombal, colidiu frontalmente com caminh\u00e3o carregado de carne, que seguia sentido contr\u00e1rio. Com o impacto, o autom\u00f3vel foi lan\u00e7ado para fora da pista, enquanto o caminh\u00e3o tombou no centro da rodovia, interditando a mesma.<\/p>\n\n\n\n<p>A condutora do Volkswagen Gol, identificada como Alexsandra Santos, n\u00e3o resistiu aos ferimentos e teve o seu \u00f3bito confirmado ainda no local. J\u00e1 o condutor do caminh\u00e3o, teve apenas ferimentos leves, e recebeu os primeiros socorros no local, se recusando a se dirigir ao Hospital.<\/p>\n\n\n\n<p>Agentes do &nbsp;Departamento de Pol\u00edcia T\u00e9cnica estiveram no local, onde realizaram a per\u00edcia, bem como providenciaram o translado do corpo da v\u00edtima at\u00e9 o IML \u2013 Euclides da Cunha, para a realiza\u00e7\u00e3o da autopsia.<\/p>\n\n\n\n<p>Al\u00e9m de Policiais Rodovi\u00e1rios Federais, estiveram presentes no local, membros da ANR (Associa\u00e7\u00e3o Nordeste de Resgate), bem como da equipe dos Anjos da Terra, sendo que estes \u00faltimos foram os respons\u00e1veis pelo atendimento ao motorista do caminh\u00e3o, bem como a remo\u00e7\u00e3o do corpo que estava preso \u00e0s ferragens.<\/p>\n\n\n\n<p>Nas primeiras horas desta ter\u00e7a-feira, 03, a Rodovia j\u00e1 havia sido liberada.<\/p>\n\n\n\n<p><\/p>\n\n\n\n<p>Fonte Portal Alerta <\/p>\n","protected":false},"excerpt":{"rendered":"<p>Um acidente ocorrido na noite da \u00faltima segunda-feira, 02, deixou uma v\u00edtima fatal, em Ribeira do Pombal-BA. O fato aconteceu na BR 110, nas proximidades da Faz Tocaia, trecho em que liga a sede do munic\u00edpio, ao Povoado Nova Esperan\u00e7a. Segundo informa\u00e7\u00f5es, o ve\u00edculo Volkswagen Gol de cor vermelha, demais dados n\u00e3o informados, que seguia [&hellip;]<\/p>\n","protected":false},"author":1,"featured_media":1511,"comment_status":"open","ping_status":"open","sticky":false,"template":"","format":"standard","meta":{"footnotes":""},"categories":[43,10],"tags":[],"class_list":{"0":"post-1510","1":"post","2":"type-post","3":"status-publish","4":"format-standard","5":"has-post-thumbnail","7":"category-acidente","8":"category-theme-features"},"_links":{"self":[{"href":"https:\/\/nordesteimprensa.com.br\/index.php\/wp-json\/wp\/v2\/posts\/1510","targetHints":{"allow":["GET"]}}],"collection":[{"href":"https:\/\/nordesteimprensa.com.br\/index.php\/wp-json\/wp\/v2\/posts"}],"about":[{"href":"https:\/\/nordesteimprensa.com.br\/index.php\/wp-json\/wp\/v2\/types\/post"}],"author":[{"embeddable":true,"href":"https:\/\/nordesteimprensa.com.br\/index.php\/wp-json\/wp\/v2\/users\/1"}],"replies":[{"embeddable":true,"href":"https:\/\/nordesteimprensa.com.br\/index.php\/wp-json\/wp\/v2\/comments?post=1510"}],"version-history":[{"count":1,"href":"https:\/\/nordesteimprensa.com.br\/index.php\/wp-json\/wp\/v2\/posts\/1510\/revisions"}],"predecessor-version":[{"id":1512,"href":"https:\/\/nordesteimprensa.com.br\/index.php\/wp-json\/wp\/v2\/posts\/1510\/revisions\/1512"}],"wp:featuredmedia":[{"embeddable":true,"href":"https:\/\/nordesteimprensa.com.br\/index.php\/wp-json\/wp\/v2\/media\/1511"}],"wp:attachment":[{"href":"https:\/\/nordesteimprensa.com.br\/index.php\/wp-json\/wp\/v2\/media?parent=1510"}],"wp:term":[{"taxonomy":"category","embeddable":true,"href":"https:\/\/nordesteimprensa.com.br\/index.php\/wp-json\/wp\/v2\/categories?post=1510"},{"taxonomy":"post_tag","embeddable":true,"href":"https:\/\/nordesteimprensa.com.br\/index.php\/wp-json\/wp\/v2\/tags?post=1510"}],"curies":[{"name":"wp","href":"https:\/\/api.w.org\/{rel}","templated":true}]}}