{"id":1513,"date":"2020-11-04T12:25:56","date_gmt":"2020-11-04T15:25:56","guid":{"rendered":"http:\/\/nordesteimprensa.com.br\/?p=1513"},"modified":"2020-11-04T12:25:56","modified_gmt":"2020-11-04T15:25:56","slug":"caso-mari-ferrer-senador-de-se-pede-que-cnj-apure-conduta-do-juiz","status":"publish","type":"post","link":"https:\/\/nordesteimprensa.com.br\/index.php\/2020\/11\/04\/caso-mari-ferrer-senador-de-se-pede-que-cnj-apure-conduta-do-juiz\/","title":{"rendered":"Caso Mari Ferrer: senador de SE pede que CNJ apure conduta do juiz"},"content":{"rendered":"\n<p>O senador por Sergipe, Alessandro Vieira (Cidadania), anunciou nesta ter\u00e7a-feira, 3, que protocolou uma reclama\u00e7\u00e3o disciplinar no Conselho Nacional de Justi\u00e7a (CNJ) para que seja apurada a conduta do juiz que atuou no julgamento do empres\u00e1rio Andr\u00e9 de Camargo Aranha, acusado de estuprar a promotora de eventos, Mariana Ferrer. O caso ocorreu em 2018, em Florian\u00f3polis (SC), e o desfecho de \u201cestupro culposo\u201d repercutiu em todo o Brasil.<\/p>\n\n\n\n<p>Um v\u00eddeo com imagens da audi\u00eancia foi divulgado nesta ter\u00e7a-feira, 3, pelo\u00a0<em>The Intercept Brasil<\/em>.\u00a0Al\u00e9m da repercuss\u00e3o por causa do desfecho do caso, a situa\u00e7\u00e3o gerou revolta nas redes sociais em virtude da conduta do advogado do empres\u00e1rio, que atacou a promotora de eventos. O assunto est\u00e1 em manchete de v\u00e1rios ve\u00edculos de comunica\u00e7\u00e3o e as tags #justicapormariferrer e #estuproculposonaoexiste est\u00e3o nos dois primeiros lugares dos\u00a0<em>Tredings Topics<\/em>\u00a0(assuntos do momento) no Brasil.<\/p>\n\n\n\n<p>\u201cProtocolei Reclama\u00e7\u00e3o Disciplinar no CNJ para que seja analisada a grave omiss\u00e3o do juiz que atuou no caso, permitindo que o advogado de defesa dirigisse ofensas inadmiss\u00edveis \u00e0 honra e dignidade da v\u00edtima. Isso \u00e9 inaceit\u00e1vel. Estupro culposo n\u00e3o existe!\u201d, postou o senador.<\/p>\n\n\n\n<p><\/p>\n\n\n\n<p>Fonte Infonet <\/p>\n\n\n\n<p><\/p>\n","protected":false},"excerpt":{"rendered":"<p>O senador por Sergipe, Alessandro Vieira (Cidadania), anunciou nesta ter\u00e7a-feira, 3, que protocolou uma reclama\u00e7\u00e3o disciplinar no Conselho Nacional de Justi\u00e7a (CNJ) para que seja apurada a conduta do juiz que atuou no julgamento do empres\u00e1rio Andr\u00e9 de Camargo Aranha, acusado de estuprar a promotora de eventos, Mariana Ferrer. O caso ocorreu em 2018, em [&hellip;]<\/p>\n","protected":false},"author":1,"featured_media":1514,"comment_status":"open","ping_status":"open","sticky":false,"template":"","format":"standard","meta":{"footnotes":""},"categories":[10,38],"tags":[],"class_list":{"0":"post-1513","1":"post","2":"type-post","3":"status-publish","4":"format-standard","5":"has-post-thumbnail","7":"category-theme-features","8":"category-policial"},"_links":{"self":[{"href":"https:\/\/nordesteimprensa.com.br\/index.php\/wp-json\/wp\/v2\/posts\/1513","targetHints":{"allow":["GET"]}}],"collection":[{"href":"https:\/\/nordesteimprensa.com.br\/index.php\/wp-json\/wp\/v2\/posts"}],"about":[{"href":"https:\/\/nordesteimprensa.com.br\/index.php\/wp-json\/wp\/v2\/types\/post"}],"author":[{"embeddable":true,"href":"https:\/\/nordesteimprensa.com.br\/index.php\/wp-json\/wp\/v2\/users\/1"}],"replies":[{"embeddable":true,"href":"https:\/\/nordesteimprensa.com.br\/index.php\/wp-json\/wp\/v2\/comments?post=1513"}],"version-history":[{"count":1,"href":"https:\/\/nordesteimprensa.com.br\/index.php\/wp-json\/wp\/v2\/posts\/1513\/revisions"}],"predecessor-version":[{"id":1515,"href":"https:\/\/nordesteimprensa.com.br\/index.php\/wp-json\/wp\/v2\/posts\/1513\/revisions\/1515"}],"wp:featuredmedia":[{"embeddable":true,"href":"https:\/\/nordesteimprensa.com.br\/index.php\/wp-json\/wp\/v2\/media\/1514"}],"wp:attachment":[{"href":"https:\/\/nordesteimprensa.com.br\/index.php\/wp-json\/wp\/v2\/media?parent=1513"}],"wp:term":[{"taxonomy":"category","embeddable":true,"href":"https:\/\/nordesteimprensa.com.br\/index.php\/wp-json\/wp\/v2\/categories?post=1513"},{"taxonomy":"post_tag","embeddable":true,"href":"https:\/\/nordesteimprensa.com.br\/index.php\/wp-json\/wp\/v2\/tags?post=1513"}],"curies":[{"name":"wp","href":"https:\/\/api.w.org\/{rel}","templated":true}]}}