{"id":1545,"date":"2020-11-07T09:57:23","date_gmt":"2020-11-07T12:57:23","guid":{"rendered":"http:\/\/nordesteimprensa.com.br\/?p=1545"},"modified":"2020-11-07T09:57:25","modified_gmt":"2020-11-07T12:57:25","slug":"incendio-atinge-mercearia-no-bonfim-em-salvador","status":"publish","type":"post","link":"https:\/\/nordesteimprensa.com.br\/index.php\/2020\/11\/07\/incendio-atinge-mercearia-no-bonfim-em-salvador\/","title":{"rendered":"Inc\u00eandio atinge mercearia no Bonfim, em Salvador"},"content":{"rendered":"\n<p>Um inc\u00eandio atingiu uma mercearia do bairro do Bonfim, em Salvador, na noite de sexta-feira (6). N\u00e3o houve feridos.<\/p>\n\n\n\n<p>O caso ocorreu na Travessa Jos\u00e9 do Patroc\u00ednio, por volta das 22h30. Segundo informa\u00e7\u00f5es do Corpo de Bombeiros, o fogo causou danos significativos ao material e equipamentos do estabelecimento. Uma equipe dos bombeiros foi acionada e controlou o inc\u00eandio.<\/p>\n\n\n\n<p>Segundo o dono da mercearia, identificado como Davi, o fogo come\u00e7ou menos de uma hora depois que ele deixou o local.<\/p>\n\n\n\n<p>&#8220;Tinha sa\u00eddo \u00e0s 22h, como sempre fa\u00e7o. Ap\u00f3s 30 minutos, eu estava jantando, e o fogo j\u00e1 estava incontrol\u00e1vel. N\u00e3o sei explicar a forma que aconteceu. Eu vim, meus amigos, amigos vizinhos, n\u00f3s tentamos, mas infelizmente um ano e dois meses de muita luta, muito sacrif\u00edcio&#8230; perdi basicamente 80% do meu material&#8221;.<\/p>\n\n\n\n<figure class=\"wp-block-image\"><img decoding=\"async\" src=\"https:\/\/s2.glbimg.com\/JkDqBARpCVbsyAb_-l41Cu8lpFU=\/0x0:1099x735\/984x0\/smart\/filters:strip_icc()\/i.s3.glbimg.com\/v1\/AUTH_59edd422c0c84a879bd37670ae4f538a\/internal_photos\/bs\/2020\/l\/a\/mhlhhkQkmY5xPDxP44MQ\/incendio-bonfim02.jpg\" alt=\"Chamas foram controlados pelo Corpo de Bombeiros \u2014 Foto: Reprodu\u00e7\u00e3o\/TV Bahia\"\/><\/figure>\n\n\n\n<p><\/p>\n\n\n\n<p>Fonte G1 Bahia<\/p>\n","protected":false},"excerpt":{"rendered":"<p>Um inc\u00eandio atingiu uma mercearia do bairro do Bonfim, em Salvador, na noite de sexta-feira (6). N\u00e3o houve feridos. O caso ocorreu na Travessa Jos\u00e9 do Patroc\u00ednio, por volta das 22h30. Segundo informa\u00e7\u00f5es do Corpo de Bombeiros, o fogo causou danos significativos ao material e equipamentos do estabelecimento. Uma equipe dos bombeiros foi acionada e [&hellip;]<\/p>\n","protected":false},"author":1,"featured_media":1546,"comment_status":"open","ping_status":"open","sticky":false,"template":"","format":"standard","meta":{"footnotes":""},"categories":[43,10],"tags":[],"class_list":{"0":"post-1545","1":"post","2":"type-post","3":"status-publish","4":"format-standard","5":"has-post-thumbnail","7":"category-acidente","8":"category-theme-features"},"_links":{"self":[{"href":"https:\/\/nordesteimprensa.com.br\/index.php\/wp-json\/wp\/v2\/posts\/1545","targetHints":{"allow":["GET"]}}],"collection":[{"href":"https:\/\/nordesteimprensa.com.br\/index.php\/wp-json\/wp\/v2\/posts"}],"about":[{"href":"https:\/\/nordesteimprensa.com.br\/index.php\/wp-json\/wp\/v2\/types\/post"}],"author":[{"embeddable":true,"href":"https:\/\/nordesteimprensa.com.br\/index.php\/wp-json\/wp\/v2\/users\/1"}],"replies":[{"embeddable":true,"href":"https:\/\/nordesteimprensa.com.br\/index.php\/wp-json\/wp\/v2\/comments?post=1545"}],"version-history":[{"count":1,"href":"https:\/\/nordesteimprensa.com.br\/index.php\/wp-json\/wp\/v2\/posts\/1545\/revisions"}],"predecessor-version":[{"id":1547,"href":"https:\/\/nordesteimprensa.com.br\/index.php\/wp-json\/wp\/v2\/posts\/1545\/revisions\/1547"}],"wp:featuredmedia":[{"embeddable":true,"href":"https:\/\/nordesteimprensa.com.br\/index.php\/wp-json\/wp\/v2\/media\/1546"}],"wp:attachment":[{"href":"https:\/\/nordesteimprensa.com.br\/index.php\/wp-json\/wp\/v2\/media?parent=1545"}],"wp:term":[{"taxonomy":"category","embeddable":true,"href":"https:\/\/nordesteimprensa.com.br\/index.php\/wp-json\/wp\/v2\/categories?post=1545"},{"taxonomy":"post_tag","embeddable":true,"href":"https:\/\/nordesteimprensa.com.br\/index.php\/wp-json\/wp\/v2\/tags?post=1545"}],"curies":[{"name":"wp","href":"https:\/\/api.w.org\/{rel}","templated":true}]}}