{"id":1567,"date":"2020-11-10T10:12:30","date_gmt":"2020-11-10T13:12:30","guid":{"rendered":"http:\/\/nordesteimprensa.com.br\/?p=1567"},"modified":"2020-11-10T10:12:31","modified_gmt":"2020-11-10T13:12:31","slug":"empresario-morre-em-grave-acidente-de-carro-na-br-116-em-araci-ba","status":"publish","type":"post","link":"https:\/\/nordesteimprensa.com.br\/index.php\/2020\/11\/10\/empresario-morre-em-grave-acidente-de-carro-na-br-116-em-araci-ba\/","title":{"rendered":"Empres\u00e1rio morre em grave acidente de carro na BR-116 em Araci-BA"},"content":{"rendered":"\n<p>O empres\u00e1rio araciense Alyson Pinho Mota, de 41 anos s\u00f3cio propriet\u00e1rio da Papel &amp; Cia faleceu na noite deste domingo (8), por volta das 19h, v\u00edtima de acidente de carro na BR-116.<\/p>\n\n\n\n<p>De acordo com a Guarda Municipal, Alyson estava dirigindo o ve\u00edculo Onix-Chevrolet que se envolveu no acidente com um caminh\u00e3o no per\u00edmetro urbano de Araci, pr\u00f3ximo a um motel na sa\u00edda para Tucano-BA tendo o seu \u00f3bito constatado ainda no local. Outras tr\u00eas pessoas que tamb\u00e9m estava com o empres\u00e1rio foram socorridas para o Hospital Municipal de Araci, s\u00e3o eles: Jo\u00e3o Murilo Carvalho, de 43 anos permanece internado no hospital, um homem identificado como \u201cD\u00e9\u201d que foi transferido para um hospital em Feira de Santana e Dijalma Oliveira, de 43 anos (gerente da Embasa de Araci) que foi transferido para um hospital em Salvador.<\/p>\n\n\n\n<p>Os detalhes do acidente n\u00e3o foram divulgados.<\/p>\n\n\n\n<p><\/p>\n\n\n\n<p>Fonte Portal Alerta <\/p>\n","protected":false},"excerpt":{"rendered":"<p>O empres\u00e1rio araciense Alyson Pinho Mota, de 41 anos s\u00f3cio propriet\u00e1rio da Papel &amp; Cia faleceu na noite deste domingo (8), por volta das 19h, v\u00edtima de acidente de carro na BR-116. De acordo com a Guarda Municipal, Alyson estava dirigindo o ve\u00edculo Onix-Chevrolet que se envolveu no acidente com um caminh\u00e3o no per\u00edmetro urbano [&hellip;]<\/p>\n","protected":false},"author":1,"featured_media":1568,"comment_status":"open","ping_status":"open","sticky":false,"template":"","format":"standard","meta":{"footnotes":""},"categories":[43,10],"tags":[],"class_list":{"0":"post-1567","1":"post","2":"type-post","3":"status-publish","4":"format-standard","5":"has-post-thumbnail","7":"category-acidente","8":"category-theme-features"},"_links":{"self":[{"href":"https:\/\/nordesteimprensa.com.br\/index.php\/wp-json\/wp\/v2\/posts\/1567","targetHints":{"allow":["GET"]}}],"collection":[{"href":"https:\/\/nordesteimprensa.com.br\/index.php\/wp-json\/wp\/v2\/posts"}],"about":[{"href":"https:\/\/nordesteimprensa.com.br\/index.php\/wp-json\/wp\/v2\/types\/post"}],"author":[{"embeddable":true,"href":"https:\/\/nordesteimprensa.com.br\/index.php\/wp-json\/wp\/v2\/users\/1"}],"replies":[{"embeddable":true,"href":"https:\/\/nordesteimprensa.com.br\/index.php\/wp-json\/wp\/v2\/comments?post=1567"}],"version-history":[{"count":1,"href":"https:\/\/nordesteimprensa.com.br\/index.php\/wp-json\/wp\/v2\/posts\/1567\/revisions"}],"predecessor-version":[{"id":1569,"href":"https:\/\/nordesteimprensa.com.br\/index.php\/wp-json\/wp\/v2\/posts\/1567\/revisions\/1569"}],"wp:featuredmedia":[{"embeddable":true,"href":"https:\/\/nordesteimprensa.com.br\/index.php\/wp-json\/wp\/v2\/media\/1568"}],"wp:attachment":[{"href":"https:\/\/nordesteimprensa.com.br\/index.php\/wp-json\/wp\/v2\/media?parent=1567"}],"wp:term":[{"taxonomy":"category","embeddable":true,"href":"https:\/\/nordesteimprensa.com.br\/index.php\/wp-json\/wp\/v2\/categories?post=1567"},{"taxonomy":"post_tag","embeddable":true,"href":"https:\/\/nordesteimprensa.com.br\/index.php\/wp-json\/wp\/v2\/tags?post=1567"}],"curies":[{"name":"wp","href":"https:\/\/api.w.org\/{rel}","templated":true}]}}