{"id":1617,"date":"2021-02-03T17:48:28","date_gmt":"2021-02-03T20:48:28","guid":{"rendered":"http:\/\/nordesteimprensa.com.br\/?p=1617"},"modified":"2021-02-03T17:48:30","modified_gmt":"2021-02-03T20:48:30","slug":"itabaianinha-recebe-pela-segunda-vez-maior-premiacao-empresarial-de-sergipe","status":"publish","type":"post","link":"https:\/\/nordesteimprensa.com.br\/index.php\/2021\/02\/03\/itabaianinha-recebe-pela-segunda-vez-maior-premiacao-empresarial-de-sergipe\/","title":{"rendered":"Itabaianinha recebe pela segunda vez maior premia\u00e7\u00e3o empresarial de Sergipe"},"content":{"rendered":"\n<p>O maior pr\u00eamio empresarial de Sergipe acontecer\u00e1 na cidade de Itabaianinha no dia 4 de fevereiro, ocorrendo pela segunda vez no munic\u00edpio. A edi\u00e7\u00e3o 2020\/2021 do Pr\u00eamio Realce ser\u00e1 novamente transmitido ao vivo pelas plataformas digitais da Revista Realce, respeitando as normas de distanciamento social. <\/p>\n\n\n\n<p>A premia\u00e7\u00e3o contempla os destaques empresariais e profissionais, com um j\u00fari seleto formado por institui\u00e7\u00f5es representativas da cidade, sendo nessa edi\u00e7\u00e3o composto pela CDL Itabaianinha, Par\u00f3quia Nossa Senhora da Concei\u00e7\u00e3o e Secretaria Municipal de Ind\u00fastria e Com\u00e9rcio. O desempate entre as categorias que n\u00e3o tiveram um vencedor un\u00e2nime foi realizado por meio de enquetes veiculadas pelo Instagram da Realce nos dias 1 e 2 de Fevereiro.<\/p>\n","protected":false},"excerpt":{"rendered":"<p>O maior pr\u00eamio empresarial de Sergipe acontecer\u00e1 na cidade de Itabaianinha no dia 4 de fevereiro, ocorrendo pela segunda vez no munic\u00edpio. A edi\u00e7\u00e3o 2020\/2021 do Pr\u00eamio Realce ser\u00e1 novamente transmitido ao vivo pelas plataformas digitais da Revista Realce, respeitando as normas de distanciamento social. A premia\u00e7\u00e3o contempla os destaques empresariais e profissionais, com um [&hellip;]<\/p>\n","protected":false},"author":5,"featured_media":1619,"comment_status":"open","ping_status":"open","sticky":false,"template":"","format":"standard","meta":{"footnotes":""},"categories":[46,10],"tags":[],"class_list":{"0":"post-1617","1":"post","2":"type-post","3":"status-publish","4":"format-standard","5":"has-post-thumbnail","7":"category-economia","8":"category-theme-features"},"_links":{"self":[{"href":"https:\/\/nordesteimprensa.com.br\/index.php\/wp-json\/wp\/v2\/posts\/1617","targetHints":{"allow":["GET"]}}],"collection":[{"href":"https:\/\/nordesteimprensa.com.br\/index.php\/wp-json\/wp\/v2\/posts"}],"about":[{"href":"https:\/\/nordesteimprensa.com.br\/index.php\/wp-json\/wp\/v2\/types\/post"}],"author":[{"embeddable":true,"href":"https:\/\/nordesteimprensa.com.br\/index.php\/wp-json\/wp\/v2\/users\/5"}],"replies":[{"embeddable":true,"href":"https:\/\/nordesteimprensa.com.br\/index.php\/wp-json\/wp\/v2\/comments?post=1617"}],"version-history":[{"count":1,"href":"https:\/\/nordesteimprensa.com.br\/index.php\/wp-json\/wp\/v2\/posts\/1617\/revisions"}],"predecessor-version":[{"id":1620,"href":"https:\/\/nordesteimprensa.com.br\/index.php\/wp-json\/wp\/v2\/posts\/1617\/revisions\/1620"}],"wp:featuredmedia":[{"embeddable":true,"href":"https:\/\/nordesteimprensa.com.br\/index.php\/wp-json\/wp\/v2\/media\/1619"}],"wp:attachment":[{"href":"https:\/\/nordesteimprensa.com.br\/index.php\/wp-json\/wp\/v2\/media?parent=1617"}],"wp:term":[{"taxonomy":"category","embeddable":true,"href":"https:\/\/nordesteimprensa.com.br\/index.php\/wp-json\/wp\/v2\/categories?post=1617"},{"taxonomy":"post_tag","embeddable":true,"href":"https:\/\/nordesteimprensa.com.br\/index.php\/wp-json\/wp\/v2\/tags?post=1617"}],"curies":[{"name":"wp","href":"https:\/\/api.w.org\/{rel}","templated":true}]}}