{"id":1650,"date":"2021-03-25T16:52:07","date_gmt":"2021-03-25T19:52:07","guid":{"rendered":"http:\/\/nordesteimprensa.com.br\/?p=1650"},"modified":"2021-03-25T16:52:08","modified_gmt":"2021-03-25T19:52:08","slug":"supermercados-sao-notificados-pela-mpe-para-o-cumprimento-das-medidas-sanitarias","status":"publish","type":"post","link":"https:\/\/nordesteimprensa.com.br\/index.php\/2021\/03\/25\/supermercados-sao-notificados-pela-mpe-para-o-cumprimento-das-medidas-sanitarias\/","title":{"rendered":"Supermercados s\u00e3o notificados pela MPE para o cumprimento das medidas sanit\u00e1rias"},"content":{"rendered":"\n<p>Por meio da Promotoria de Justi\u00e7a de Defesa do Consumidor, o Minist\u00e9rio P\u00fablico de Sergipe (MPE), se dirigiu em of\u00edcio \u00e0 Associa\u00e7\u00e3o Sergipana de Supermercados (Ases), solicitando que todas as medidas sanit\u00e1rias frente ao combate da pandemia do novo coronav\u00edrus sejam aplicadas e verificadas nos supermercados de Aracaju. As regras cobradas s\u00e3o as contidas nos Decretos Estadual e Municipal e algumas orienta\u00e7\u00f5es da Recomenda\u00e7\u00e3o n\u00ba 001\/2020 do MPSE.<\/p>\n\n\n\n<p>A notifica\u00e7\u00e3o se deu gra\u00e7as a import\u00e2ncia de tais medidas no controle da segunda onda da Covid-19, a qual possui maior infectividade e gravidade, al\u00e9m do aumento da taxa de ocupa\u00e7\u00e3o nos leitos de hospitais p\u00fablicos e privados, que j\u00e1 est\u00e3o chegando \u00e0s suas capacidades m\u00e1ximas em todo o Estado de Sergipe. <\/p>\n\n\n\n<p>Em nota, as orienta\u00e7\u00f5es passadas pelo MPE foram:<\/p>\n\n\n\n<p>\u2013 Controle de acesso simult\u00e2neo de consumidores aos estabelecimentos, atrav\u00e9s de sistema adotado pelo supermercado;<br>\u2013 Uso obrigat\u00f3rio e adequado de m\u00e1scaras no acesso e interior das lojas;<br>\u2013 Demarca\u00e7\u00e3o, com sinaliza\u00e7\u00e3o vertical e horizontal, para acesso dos consumidores ao terminal de caixas, respeitando o distanciamento recomendado;<br>\u2013 Disponibiliza\u00e7\u00e3o de \u00e1lcool a 70% para os consumidores, especialmente em locais onde haja necessidade de digita\u00e7\u00e3o de senhas;<br>\u2013 Higieniza\u00e7\u00e3o adequada das g\u00f4ndolas, carrinhos e cestas para transporte de mercadorias, sempre que utilizados pelos consumidores;<br>\u2013 Utiliza\u00e7\u00e3o do servi\u00e7o de som das lojas para divulga\u00e7\u00e3o das medidas de prote\u00e7\u00e3o para evitar a prolifera\u00e7\u00e3o do v\u00edrus.<\/p>\n\n\n\n<p>Ap\u00f3s comunicado, a Associa\u00e7\u00e3o Sergipana de Supermercados (Ases) afirmou que todas as medidas destacadas s\u00e3o de extrema import\u00e2ncia, e que v\u00e3o de encontro com as normas e protocolos j\u00e1 seguidos e aplicados pelos supermercados desde o in\u00edcio da pandemia. <\/p>\n","protected":false},"excerpt":{"rendered":"<p>Por meio da Promotoria de Justi\u00e7a de Defesa do Consumidor, o Minist\u00e9rio P\u00fablico de Sergipe (MPE), se dirigiu em of\u00edcio \u00e0 Associa\u00e7\u00e3o Sergipana de Supermercados (Ases), solicitando que todas as medidas sanit\u00e1rias frente ao combate da pandemia do novo coronav\u00edrus sejam aplicadas e verificadas nos supermercados de Aracaju. As regras cobradas s\u00e3o as contidas nos [&hellip;]<\/p>\n","protected":false},"author":1,"featured_media":1651,"comment_status":"open","ping_status":"open","sticky":false,"template":"","format":"standard","meta":{"footnotes":""},"categories":[40,41,46,10,44],"tags":[],"class_list":{"0":"post-1650","1":"post","2":"type-post","3":"status-publish","4":"format-standard","5":"has-post-thumbnail","7":"category-cidadania","8":"category-covid","9":"category-economia","10":"category-theme-features","11":"category-saude"},"_links":{"self":[{"href":"https:\/\/nordesteimprensa.com.br\/index.php\/wp-json\/wp\/v2\/posts\/1650","targetHints":{"allow":["GET"]}}],"collection":[{"href":"https:\/\/nordesteimprensa.com.br\/index.php\/wp-json\/wp\/v2\/posts"}],"about":[{"href":"https:\/\/nordesteimprensa.com.br\/index.php\/wp-json\/wp\/v2\/types\/post"}],"author":[{"embeddable":true,"href":"https:\/\/nordesteimprensa.com.br\/index.php\/wp-json\/wp\/v2\/users\/1"}],"replies":[{"embeddable":true,"href":"https:\/\/nordesteimprensa.com.br\/index.php\/wp-json\/wp\/v2\/comments?post=1650"}],"version-history":[{"count":1,"href":"https:\/\/nordesteimprensa.com.br\/index.php\/wp-json\/wp\/v2\/posts\/1650\/revisions"}],"predecessor-version":[{"id":1652,"href":"https:\/\/nordesteimprensa.com.br\/index.php\/wp-json\/wp\/v2\/posts\/1650\/revisions\/1652"}],"wp:featuredmedia":[{"embeddable":true,"href":"https:\/\/nordesteimprensa.com.br\/index.php\/wp-json\/wp\/v2\/media\/1651"}],"wp:attachment":[{"href":"https:\/\/nordesteimprensa.com.br\/index.php\/wp-json\/wp\/v2\/media?parent=1650"}],"wp:term":[{"taxonomy":"category","embeddable":true,"href":"https:\/\/nordesteimprensa.com.br\/index.php\/wp-json\/wp\/v2\/categories?post=1650"},{"taxonomy":"post_tag","embeddable":true,"href":"https:\/\/nordesteimprensa.com.br\/index.php\/wp-json\/wp\/v2\/tags?post=1650"}],"curies":[{"name":"wp","href":"https:\/\/api.w.org\/{rel}","templated":true}]}}