{"id":1787,"date":"2022-01-14T12:04:37","date_gmt":"2022-01-14T15:04:37","guid":{"rendered":"http:\/\/nordesteimprensa.com.br\/?p=1787"},"modified":"2022-01-14T12:04:38","modified_gmt":"2022-01-14T15:04:38","slug":"funcionarios-de-empresa-do-transporte-publico-de-aracaju-retomam-atividades-apos-paralisacao","status":"publish","type":"post","link":"https:\/\/nordesteimprensa.com.br\/index.php\/2022\/01\/14\/funcionarios-de-empresa-do-transporte-publico-de-aracaju-retomam-atividades-apos-paralisacao\/","title":{"rendered":"Funcion\u00e1rios de empresa do transporte p\u00fablico de Aracaju retomam atividades ap\u00f3s paralisa\u00e7\u00e3o"},"content":{"rendered":"\n<p>O Sindicato das Empresas de Transporte de Passageiros de&nbsp;<a href=\"https:\/\/g1.globo.com\/se\/sergipe\/cidade\/aracaju\/\">Aracaju<\/a>&nbsp;(Setransp) informou, que a empresa que presta servi\u00e7o de Transporte P\u00fablico Coletivo, volta a operar normalmente na manh\u00e3 desta sexta -feira (14). O acordo foi firmado ap\u00f3s reuni\u00e3o entre a comiss\u00e3o de funcion\u00e1rios e a diretoria da empresa.<\/p>\n\n\n\n<p>Cerca de 1.200 rodovi\u00e1rios da Via\u00e7\u00e3o Modelo paralisaram as atividades\u00a0no in\u00edcio da manh\u00e3 dessa quinta (13). De acordo com o Sindicato dos Trabalhadores em Transportes Rodovi\u00e1rios de\u00a0Aracaju\u00a0(SINTTRA), os funcion\u00e1rios reivindicam quest\u00f5es trabalhistas, como pagamento de sal\u00e1rios atrasados, 13\u00ba sal\u00e1rio e vale alimenta\u00e7\u00e3o.<\/p>\n\n\n\n<p>As linhas que estiveram paralisadas atendem aos bairros Coroa do Meio, Santa Maria e Jardins, na capital. Al\u00e9m do munic\u00edpio de Nossa Senhora do Socorro.<\/p>\n","protected":false},"excerpt":{"rendered":"<p>O Sindicato das Empresas de Transporte de Passageiros de&nbsp;Aracaju&nbsp;(Setransp) informou, que a empresa que presta servi\u00e7o de Transporte P\u00fablico Coletivo, volta a operar normalmente na manh\u00e3 desta sexta -feira (14). O acordo foi firmado ap\u00f3s reuni\u00e3o entre a comiss\u00e3o de funcion\u00e1rios e a diretoria da empresa. Cerca de 1.200 rodovi\u00e1rios da Via\u00e7\u00e3o Modelo paralisaram as [&hellip;]<\/p>\n","protected":false},"author":1,"featured_media":1788,"comment_status":"open","ping_status":"open","sticky":false,"template":"","format":"standard","meta":{"footnotes":""},"categories":[10],"tags":[],"class_list":{"0":"post-1787","1":"post","2":"type-post","3":"status-publish","4":"format-standard","5":"has-post-thumbnail","7":"category-theme-features"},"_links":{"self":[{"href":"https:\/\/nordesteimprensa.com.br\/index.php\/wp-json\/wp\/v2\/posts\/1787","targetHints":{"allow":["GET"]}}],"collection":[{"href":"https:\/\/nordesteimprensa.com.br\/index.php\/wp-json\/wp\/v2\/posts"}],"about":[{"href":"https:\/\/nordesteimprensa.com.br\/index.php\/wp-json\/wp\/v2\/types\/post"}],"author":[{"embeddable":true,"href":"https:\/\/nordesteimprensa.com.br\/index.php\/wp-json\/wp\/v2\/users\/1"}],"replies":[{"embeddable":true,"href":"https:\/\/nordesteimprensa.com.br\/index.php\/wp-json\/wp\/v2\/comments?post=1787"}],"version-history":[{"count":1,"href":"https:\/\/nordesteimprensa.com.br\/index.php\/wp-json\/wp\/v2\/posts\/1787\/revisions"}],"predecessor-version":[{"id":1789,"href":"https:\/\/nordesteimprensa.com.br\/index.php\/wp-json\/wp\/v2\/posts\/1787\/revisions\/1789"}],"wp:featuredmedia":[{"embeddable":true,"href":"https:\/\/nordesteimprensa.com.br\/index.php\/wp-json\/wp\/v2\/media\/1788"}],"wp:attachment":[{"href":"https:\/\/nordesteimprensa.com.br\/index.php\/wp-json\/wp\/v2\/media?parent=1787"}],"wp:term":[{"taxonomy":"category","embeddable":true,"href":"https:\/\/nordesteimprensa.com.br\/index.php\/wp-json\/wp\/v2\/categories?post=1787"},{"taxonomy":"post_tag","embeddable":true,"href":"https:\/\/nordesteimprensa.com.br\/index.php\/wp-json\/wp\/v2\/tags?post=1787"}],"curies":[{"name":"wp","href":"https:\/\/api.w.org\/{rel}","templated":true}]}}