{"id":1928,"date":"2022-05-10T10:11:41","date_gmt":"2022-05-10T13:11:41","guid":{"rendered":"http:\/\/nordesteimprensa.com.br\/?p=1928"},"modified":"2022-05-10T10:11:42","modified_gmt":"2022-05-10T13:11:42","slug":"acidente-na-rodovia-simao-dias-pinhao-deixa-adolescente-de-13-anos-ferido","status":"publish","type":"post","link":"https:\/\/nordesteimprensa.com.br\/index.php\/2022\/05\/10\/acidente-na-rodovia-simao-dias-pinhao-deixa-adolescente-de-13-anos-ferido\/","title":{"rendered":"Acidente na Rodovia Sim\u00e3o Dias \/ Pinh\u00e3o deixa adolescente de 13 anos ferido"},"content":{"rendered":"\n<p>Um adolescente de 13 anos ficou ferido, ap\u00f3s se envolver em um acidente, na manh\u00e3 da \u00faltima segunda-feira, 9, na Rodovia SE-19, que liga os munic\u00edpios de Sim\u00e3o Dias a Pinh\u00e3o, no trecho de acesso ao povoado Cara\u00edbas de Baixo.<\/p>\n\n\n\n<p>Segundo as informa\u00e7\u00f5es, o adolescente seguia em uma motocicleta quando se perdeu na curva e acabou colidindo contra um ve\u00edculo de passeio, que ficou com a sua dianteira danificada por conta do impacto.<\/p>\n\n\n\n<p>J\u00e1 o adolescente foi socorrido por equipes do Samu e levado ao hospital.<\/p>\n","protected":false},"excerpt":{"rendered":"<p>Um adolescente de 13 anos ficou ferido, ap\u00f3s se envolver em um acidente, na manh\u00e3 da \u00faltima segunda-feira, 9, na Rodovia SE-19, que liga os munic\u00edpios de Sim\u00e3o Dias a Pinh\u00e3o, no trecho de acesso ao povoado Cara\u00edbas de Baixo. Segundo as informa\u00e7\u00f5es, o adolescente seguia em uma motocicleta quando se perdeu na curva e [&hellip;]<\/p>\n","protected":false},"author":6,"featured_media":1929,"comment_status":"open","ping_status":"open","sticky":false,"template":"","format":"standard","meta":{"footnotes":""},"categories":[43],"tags":[],"class_list":{"0":"post-1928","1":"post","2":"type-post","3":"status-publish","4":"format-standard","5":"has-post-thumbnail","7":"category-acidente"},"_links":{"self":[{"href":"https:\/\/nordesteimprensa.com.br\/index.php\/wp-json\/wp\/v2\/posts\/1928","targetHints":{"allow":["GET"]}}],"collection":[{"href":"https:\/\/nordesteimprensa.com.br\/index.php\/wp-json\/wp\/v2\/posts"}],"about":[{"href":"https:\/\/nordesteimprensa.com.br\/index.php\/wp-json\/wp\/v2\/types\/post"}],"author":[{"embeddable":true,"href":"https:\/\/nordesteimprensa.com.br\/index.php\/wp-json\/wp\/v2\/users\/6"}],"replies":[{"embeddable":true,"href":"https:\/\/nordesteimprensa.com.br\/index.php\/wp-json\/wp\/v2\/comments?post=1928"}],"version-history":[{"count":1,"href":"https:\/\/nordesteimprensa.com.br\/index.php\/wp-json\/wp\/v2\/posts\/1928\/revisions"}],"predecessor-version":[{"id":1930,"href":"https:\/\/nordesteimprensa.com.br\/index.php\/wp-json\/wp\/v2\/posts\/1928\/revisions\/1930"}],"wp:featuredmedia":[{"embeddable":true,"href":"https:\/\/nordesteimprensa.com.br\/index.php\/wp-json\/wp\/v2\/media\/1929"}],"wp:attachment":[{"href":"https:\/\/nordesteimprensa.com.br\/index.php\/wp-json\/wp\/v2\/media?parent=1928"}],"wp:term":[{"taxonomy":"category","embeddable":true,"href":"https:\/\/nordesteimprensa.com.br\/index.php\/wp-json\/wp\/v2\/categories?post=1928"},{"taxonomy":"post_tag","embeddable":true,"href":"https:\/\/nordesteimprensa.com.br\/index.php\/wp-json\/wp\/v2\/tags?post=1928"}],"curies":[{"name":"wp","href":"https:\/\/api.w.org\/{rel}","templated":true}]}}