{"id":2092,"date":"2022-07-11T16:19:12","date_gmt":"2022-07-11T19:19:12","guid":{"rendered":"https:\/\/nordesteimprensa.com.br\/?p=2092"},"modified":"2022-07-11T16:31:23","modified_gmt":"2022-07-11T19:31:23","slug":"maior-adversario-dos-governistas-valmir-intensifica-campanha-pelo-estado","status":"publish","type":"post","link":"https:\/\/nordesteimprensa.com.br\/index.php\/2022\/07\/11\/maior-adversario-dos-governistas-valmir-intensifica-campanha-pelo-estado\/","title":{"rendered":"Valmir Intensifica campanha por todo o estado"},"content":{"rendered":"\n<p>No in\u00edcio da reta final de pr\u00e9-campanha, os governistas t\u00eam buscado alinhar os discursos no sentido de uma campanha sem Valmir de Francisquinho (PL), por terem em vista que a \u00fanica chance de vit\u00f3ria em 2022 do grupo depende da n\u00e3o participa\u00e7\u00e3o do itabaianense no pleito. Por sua vez, Valmir vem intensificando a sua pr\u00e9-campanha visitando as regi\u00f5es sergipanas, depois da decis\u00e3o junto ao agrupamento &nbsp;de que ir\u00e1 manter a pr\u00e9-candidatura.&nbsp;<\/p>\n\n\n\n<p>A sensa\u00e7\u00e3o no estado \u00e9 de que as elei\u00e7\u00f5es dependem desse fator: a ida de Francisquinho ou n\u00e3o \u00e0s urnas. Os governistas entendem que o ex-prefeito de Itabaiana \u00e9 o maior advers\u00e1rio ao projeto pol\u00edtico que visa a perman\u00eancia do grupo liderado pelo governador Belivaldo Chagas (PSD). N\u00e3o \u00e0 toa, o PSD, partido de Chagas e F\u00e1bio Mitidieri, pr\u00e9-candidato do governo, buscou interferir de alguma forma para tentar retirar o advers\u00e1rio, que tem liderado todas as pesquisas de inten\u00e7\u00e3o de votos em Sergipe.&nbsp;<\/p>\n\n\n\n<p>A sigla de F\u00e1bio Mitidieri contratou bancas de advocacia para dar assist\u00eancia \u00e0s acusa\u00e7\u00f5es a Valmir, utilizando um pretexto de estar interessada no mandato que poderia ser revertido \u00e0 agremia\u00e7\u00e3o, com a cassa\u00e7\u00e3o do deputado estadual Talysson Costa (PL), filho de Valmir, que teria sido beneficiado pelo apoio do pai na campanha de 2018 e por ter utilizado a cor azul naquela oportunidade. Essa foi a brecha encontrada pelos situacionistas para tentar mudar o rumo das elei\u00e7\u00f5es deste ano.<\/p>\n\n\n\n<p>Contudo, a manobra repercutiu negativamente lan\u00e7ando uma mancha no caminho de Mitidieri, que vem carregando o r\u00f3tulo de pr\u00e9-candidato da persegui\u00e7\u00e3o. O sentimento solid\u00e1rio a Valmir cresceu no estado e a revolta aos antigos caciques pol\u00edticos do estado aumentou. Francisquinho tem viajado pelo estado com mais frequ\u00eancia e tem absorvido um apoio org\u00e2nico que se reflete nas pesquisas, em que tem liderado as men\u00e7\u00f5es espont\u00e2neas e fortalecido a oposi\u00e7\u00e3o aos situacionistas quando \u00e9 apresentado um quadro sem o seu nome.&nbsp;<br><\/p>\n\n\n\n<figure class=\"wp-block-image size-full\"><img loading=\"lazy\" decoding=\"async\" width=\"828\" height=\"612\" src=\"https:\/\/nordesteimprensa.com.br\/wp-content\/uploads\/2022\/07\/849B7C3C-0232-4B71-8FAF-5DA2631C758E.jpeg\" alt=\"\" class=\"wp-image-2095\" srcset=\"https:\/\/nordesteimprensa.com.br\/wp-content\/uploads\/2022\/07\/849B7C3C-0232-4B71-8FAF-5DA2631C758E.jpeg 828w, https:\/\/nordesteimprensa.com.br\/wp-content\/uploads\/2022\/07\/849B7C3C-0232-4B71-8FAF-5DA2631C758E-300x222.jpeg 300w, https:\/\/nordesteimprensa.com.br\/wp-content\/uploads\/2022\/07\/849B7C3C-0232-4B71-8FAF-5DA2631C758E-768x568.jpeg 768w, https:\/\/nordesteimprensa.com.br\/wp-content\/uploads\/2022\/07\/849B7C3C-0232-4B71-8FAF-5DA2631C758E-80x60.jpeg 80w\" sizes=\"auto, (max-width: 828px) 100vw, 828px\" \/><\/figure>\n","protected":false},"excerpt":{"rendered":"<p>No in\u00edcio da reta final de pr\u00e9-campanha, os governistas t\u00eam buscado alinhar os discursos no sentido de uma campanha sem Valmir de Francisquinho (PL), por terem em vista que a \u00fanica chance de vit\u00f3ria em 2022 do grupo depende da n\u00e3o participa\u00e7\u00e3o do itabaianense no pleito. Por sua vez, Valmir vem intensificando a sua pr\u00e9-campanha [&hellip;]<\/p>\n","protected":false},"author":1,"featured_media":2093,"comment_status":"open","ping_status":"open","sticky":false,"template":"","format":"standard","meta":{"footnotes":""},"categories":[10],"tags":[],"class_list":{"0":"post-2092","1":"post","2":"type-post","3":"status-publish","4":"format-standard","5":"has-post-thumbnail","7":"category-theme-features"},"_links":{"self":[{"href":"https:\/\/nordesteimprensa.com.br\/index.php\/wp-json\/wp\/v2\/posts\/2092","targetHints":{"allow":["GET"]}}],"collection":[{"href":"https:\/\/nordesteimprensa.com.br\/index.php\/wp-json\/wp\/v2\/posts"}],"about":[{"href":"https:\/\/nordesteimprensa.com.br\/index.php\/wp-json\/wp\/v2\/types\/post"}],"author":[{"embeddable":true,"href":"https:\/\/nordesteimprensa.com.br\/index.php\/wp-json\/wp\/v2\/users\/1"}],"replies":[{"embeddable":true,"href":"https:\/\/nordesteimprensa.com.br\/index.php\/wp-json\/wp\/v2\/comments?post=2092"}],"version-history":[{"count":2,"href":"https:\/\/nordesteimprensa.com.br\/index.php\/wp-json\/wp\/v2\/posts\/2092\/revisions"}],"predecessor-version":[{"id":2097,"href":"https:\/\/nordesteimprensa.com.br\/index.php\/wp-json\/wp\/v2\/posts\/2092\/revisions\/2097"}],"wp:featuredmedia":[{"embeddable":true,"href":"https:\/\/nordesteimprensa.com.br\/index.php\/wp-json\/wp\/v2\/media\/2093"}],"wp:attachment":[{"href":"https:\/\/nordesteimprensa.com.br\/index.php\/wp-json\/wp\/v2\/media?parent=2092"}],"wp:term":[{"taxonomy":"category","embeddable":true,"href":"https:\/\/nordesteimprensa.com.br\/index.php\/wp-json\/wp\/v2\/categories?post=2092"},{"taxonomy":"post_tag","embeddable":true,"href":"https:\/\/nordesteimprensa.com.br\/index.php\/wp-json\/wp\/v2\/tags?post=2092"}],"curies":[{"name":"wp","href":"https:\/\/api.w.org\/{rel}","templated":true}]}}