{"id":2104,"date":"2022-07-16T15:08:48","date_gmt":"2022-07-16T18:08:48","guid":{"rendered":"https:\/\/nordesteimprensa.com.br\/?p=2104"},"modified":"2022-07-16T15:08:48","modified_gmt":"2022-07-16T18:08:48","slug":"bosco-costa-e-o-pre-candidato-mais-bem-posicionado-do-pl-para-deputado-federal-aponta-pesquisa","status":"publish","type":"post","link":"https:\/\/nordesteimprensa.com.br\/index.php\/2022\/07\/16\/bosco-costa-e-o-pre-candidato-mais-bem-posicionado-do-pl-para-deputado-federal-aponta-pesquisa\/","title":{"rendered":"Bosco Costa \u00e9 o pr\u00e9-candidato mais bem posicionado do PL para deputado federal, aponta pesquisa"},"content":{"rendered":"\n<p>Segundo o estudo divulgado pelo instituto Opini\u00e3o Pesquisa e Marketing esta semana, Bosco Costa (PL) estaria eleito para a C\u00e2mara Federal caso as elei\u00e7\u00f5es fossem hoje.<\/p>\n\n\n\n<p>Na pesquisa, o postulante do PL aparece na quarta coloca\u00e7\u00e3o em rela\u00e7\u00e3o \u00e0s inten\u00e7\u00f5es de votos. Esse quadro eleitoral indica que o parlamentar mant\u00e9m suas bases eleitorais, espalhadas pelas regi\u00f5es do estado, sendo uma das mais fortes a que compreende Nossa Senhora do Socorro, onde Bosco est\u00e1 em uni\u00e3o com o prefeito Padre Inaldo e Carminha Paiva, que \u00e9 pr\u00e9-candidata a estadual, com significativo potencial local de votos.<\/p>\n\n\n\n<p>A pr\u00e9-campanha de Bosco tamb\u00e9m vem sendo beneficiada pelo alinhamento partid\u00e1rio a Valmir de Francisquinho (PL), pr\u00e9-candidato ao governo que lidera as men\u00e7\u00f5es com folga, de acordo com os dados divulgado pelo Opini\u00e3o.<\/p>\n\n\n\n<p>O estudo do Opini\u00e3o Pesquisas e Marketing foi realizado entre os dias 5 e 9 de julho, e a pesquisa est\u00e1 registrada junto ao TSE sob n\u00ba SE-01090\/2022. O n\u00edvel de confian\u00e7a estimado \u00e9 de 95% e a margem de erro \u00e9 de 3,5% para mais ou para menos.<\/p>\n","protected":false},"excerpt":{"rendered":"<p>Segundo o estudo divulgado pelo instituto Opini\u00e3o Pesquisa e Marketing esta semana, Bosco Costa (PL) estaria eleito para a C\u00e2mara Federal caso as elei\u00e7\u00f5es fossem hoje. Na pesquisa, o postulante do PL aparece na quarta coloca\u00e7\u00e3o em rela\u00e7\u00e3o \u00e0s inten\u00e7\u00f5es de votos. Esse quadro eleitoral indica que o parlamentar mant\u00e9m suas bases eleitorais, espalhadas pelas [&hellip;]<\/p>\n","protected":false},"author":1,"featured_media":2105,"comment_status":"open","ping_status":"open","sticky":false,"template":"","format":"standard","meta":{"footnotes":""},"categories":[10],"tags":[],"class_list":{"0":"post-2104","1":"post","2":"type-post","3":"status-publish","4":"format-standard","5":"has-post-thumbnail","7":"category-theme-features"},"_links":{"self":[{"href":"https:\/\/nordesteimprensa.com.br\/index.php\/wp-json\/wp\/v2\/posts\/2104","targetHints":{"allow":["GET"]}}],"collection":[{"href":"https:\/\/nordesteimprensa.com.br\/index.php\/wp-json\/wp\/v2\/posts"}],"about":[{"href":"https:\/\/nordesteimprensa.com.br\/index.php\/wp-json\/wp\/v2\/types\/post"}],"author":[{"embeddable":true,"href":"https:\/\/nordesteimprensa.com.br\/index.php\/wp-json\/wp\/v2\/users\/1"}],"replies":[{"embeddable":true,"href":"https:\/\/nordesteimprensa.com.br\/index.php\/wp-json\/wp\/v2\/comments?post=2104"}],"version-history":[{"count":1,"href":"https:\/\/nordesteimprensa.com.br\/index.php\/wp-json\/wp\/v2\/posts\/2104\/revisions"}],"predecessor-version":[{"id":2106,"href":"https:\/\/nordesteimprensa.com.br\/index.php\/wp-json\/wp\/v2\/posts\/2104\/revisions\/2106"}],"wp:featuredmedia":[{"embeddable":true,"href":"https:\/\/nordesteimprensa.com.br\/index.php\/wp-json\/wp\/v2\/media\/2105"}],"wp:attachment":[{"href":"https:\/\/nordesteimprensa.com.br\/index.php\/wp-json\/wp\/v2\/media?parent=2104"}],"wp:term":[{"taxonomy":"category","embeddable":true,"href":"https:\/\/nordesteimprensa.com.br\/index.php\/wp-json\/wp\/v2\/categories?post=2104"},{"taxonomy":"post_tag","embeddable":true,"href":"https:\/\/nordesteimprensa.com.br\/index.php\/wp-json\/wp\/v2\/tags?post=2104"}],"curies":[{"name":"wp","href":"https:\/\/api.w.org\/{rel}","templated":true}]}}