{"id":2144,"date":"2022-07-25T18:24:37","date_gmt":"2022-07-25T21:24:37","guid":{"rendered":"https:\/\/nordesteimprensa.com.br\/?p=2144"},"modified":"2022-07-25T18:25:18","modified_gmt":"2022-07-25T21:25:18","slug":"protesto-de-populares-na-br-101-prejudica-acesso-a-capital-sergipana","status":"publish","type":"post","link":"https:\/\/nordesteimprensa.com.br\/index.php\/2022\/07\/25\/protesto-de-populares-na-br-101-prejudica-acesso-a-capital-sergipana\/","title":{"rendered":"Protesto de populares na BR-101 prejudica acesso \u00e0 capital sergipana"},"content":{"rendered":"\n<p>Nas primeiras horas da manh\u00e3 desta segunda-feira, 25, o acesso \u00e0 capital sergipana ficou prejudicado, devido a um protesto realizado por moradores do Conjunto Guajar\u00e1, em Nossa Senhora do Socorro, que culminou com o fechamento dos dois sentidos da BR-101.<\/p>\n\n\n\n<p>Com o uso de pneus, fogo e faixas, a popula\u00e7\u00e3o fechou a via de acesso \u00e0 Aracaju para pedir por melhorias na localidade. Segundo eles, o Conjunto Guajar\u00e1 vive na lama e nada \u00e9 feito pelo poder p\u00fablico.<\/p>\n\n\n\n<p>O caso foi acompanhado pela Pol\u00edcia Rodovi\u00e1ria Federal e pela Pol\u00edcia Militar, que recomendaram o desvio pela BR-235. Al\u00e9m disso, com o protesto, o congestionamento de ve\u00edculos sentido \u00e0 capital se estendeu at\u00e9 o munic\u00edpio de Itaporanga D\u2019Ajuda.<\/p>\n\n\n\n<p>Cabe destacar que, durante o protesto, um caminh\u00e3o tentou furar o bloqueio dos moradores, avan\u00e7ando sobre os mesmos. Contudo, ele acabou colidindo contra um Celta preto at\u00e9 que o motorista do primeiro estacionou e abandonou o local.<\/p>\n\n\n\n<p>fonte :  Lagartense <\/p>\n","protected":false},"excerpt":{"rendered":"<p>Nas primeiras horas da manh\u00e3 desta segunda-feira, 25, o acesso \u00e0 capital sergipana ficou prejudicado, devido a um protesto realizado por moradores do Conjunto Guajar\u00e1, em Nossa Senhora do Socorro, que culminou com o fechamento dos dois sentidos da BR-101. Com o uso de pneus, fogo e faixas, a popula\u00e7\u00e3o fechou a via de acesso [&hellip;]<\/p>\n","protected":false},"author":1,"featured_media":2145,"comment_status":"open","ping_status":"open","sticky":false,"template":"","format":"standard","meta":{"footnotes":""},"categories":[10],"tags":[],"class_list":{"0":"post-2144","1":"post","2":"type-post","3":"status-publish","4":"format-standard","5":"has-post-thumbnail","7":"category-theme-features"},"_links":{"self":[{"href":"https:\/\/nordesteimprensa.com.br\/index.php\/wp-json\/wp\/v2\/posts\/2144","targetHints":{"allow":["GET"]}}],"collection":[{"href":"https:\/\/nordesteimprensa.com.br\/index.php\/wp-json\/wp\/v2\/posts"}],"about":[{"href":"https:\/\/nordesteimprensa.com.br\/index.php\/wp-json\/wp\/v2\/types\/post"}],"author":[{"embeddable":true,"href":"https:\/\/nordesteimprensa.com.br\/index.php\/wp-json\/wp\/v2\/users\/1"}],"replies":[{"embeddable":true,"href":"https:\/\/nordesteimprensa.com.br\/index.php\/wp-json\/wp\/v2\/comments?post=2144"}],"version-history":[{"count":2,"href":"https:\/\/nordesteimprensa.com.br\/index.php\/wp-json\/wp\/v2\/posts\/2144\/revisions"}],"predecessor-version":[{"id":2147,"href":"https:\/\/nordesteimprensa.com.br\/index.php\/wp-json\/wp\/v2\/posts\/2144\/revisions\/2147"}],"wp:featuredmedia":[{"embeddable":true,"href":"https:\/\/nordesteimprensa.com.br\/index.php\/wp-json\/wp\/v2\/media\/2145"}],"wp:attachment":[{"href":"https:\/\/nordesteimprensa.com.br\/index.php\/wp-json\/wp\/v2\/media?parent=2144"}],"wp:term":[{"taxonomy":"category","embeddable":true,"href":"https:\/\/nordesteimprensa.com.br\/index.php\/wp-json\/wp\/v2\/categories?post=2144"},{"taxonomy":"post_tag","embeddable":true,"href":"https:\/\/nordesteimprensa.com.br\/index.php\/wp-json\/wp\/v2\/tags?post=2144"}],"curies":[{"name":"wp","href":"https:\/\/api.w.org\/{rel}","templated":true}]}}