{"id":2148,"date":"2022-07-25T18:26:55","date_gmt":"2022-07-25T21:26:55","guid":{"rendered":"https:\/\/nordesteimprensa.com.br\/?p=2148"},"modified":"2022-07-25T18:26:56","modified_gmt":"2022-07-25T21:26:56","slug":"homem-e-preso-por-atos-libidinosos-contra-o-filho-de-oito-anos","status":"publish","type":"post","link":"https:\/\/nordesteimprensa.com.br\/index.php\/2022\/07\/25\/homem-e-preso-por-atos-libidinosos-contra-o-filho-de-oito-anos\/","title":{"rendered":"Homem \u00e9 preso por atos libidinosos contra o filho de oito anos"},"content":{"rendered":"\n<p>Equipe da Delegacia Especializada de Atendimento \u00e0 Crian\u00e7a e ao Adolescente V\u00edtima (Deacav) cumpriu o mandado de pris\u00e3o de um homem de 37 anos na \u00faltima sexta-feira, 22.<\/p>\n\n\n\n<p>De acordo com as investiga\u00e7\u00f5es, o homem preso estava sendo investigado por cometer maus-tratos e atos libidinosos contra o filho. A v\u00edtima tinha oito anos na \u00e9poca da pr\u00e1tica dos crimes.<\/p>\n\n\n\n<p>Ainda conforme a apura\u00e7\u00e3o policial, o autor dos crimes praticava os atos sob o efeito de bebidas alco\u00f3licas. Ele foi preso e encontra-se \u00e0 disposi\u00e7\u00e3o da Justi\u00e7a.<\/p>\n\n\n\n<p>Fonte: SSP\/SE<\/p>\n","protected":false},"excerpt":{"rendered":"<p>Equipe da Delegacia Especializada de Atendimento \u00e0 Crian\u00e7a e ao Adolescente V\u00edtima (Deacav) cumpriu o mandado de pris\u00e3o de um homem de 37 anos na \u00faltima sexta-feira, 22. De acordo com as investiga\u00e7\u00f5es, o homem preso estava sendo investigado por cometer maus-tratos e atos libidinosos contra o filho. A v\u00edtima tinha oito anos na \u00e9poca [&hellip;]<\/p>\n","protected":false},"author":1,"featured_media":2149,"comment_status":"open","ping_status":"open","sticky":false,"template":"","format":"standard","meta":{"footnotes":""},"categories":[10],"tags":[],"class_list":{"0":"post-2148","1":"post","2":"type-post","3":"status-publish","4":"format-standard","5":"has-post-thumbnail","7":"category-theme-features"},"_links":{"self":[{"href":"https:\/\/nordesteimprensa.com.br\/index.php\/wp-json\/wp\/v2\/posts\/2148","targetHints":{"allow":["GET"]}}],"collection":[{"href":"https:\/\/nordesteimprensa.com.br\/index.php\/wp-json\/wp\/v2\/posts"}],"about":[{"href":"https:\/\/nordesteimprensa.com.br\/index.php\/wp-json\/wp\/v2\/types\/post"}],"author":[{"embeddable":true,"href":"https:\/\/nordesteimprensa.com.br\/index.php\/wp-json\/wp\/v2\/users\/1"}],"replies":[{"embeddable":true,"href":"https:\/\/nordesteimprensa.com.br\/index.php\/wp-json\/wp\/v2\/comments?post=2148"}],"version-history":[{"count":1,"href":"https:\/\/nordesteimprensa.com.br\/index.php\/wp-json\/wp\/v2\/posts\/2148\/revisions"}],"predecessor-version":[{"id":2150,"href":"https:\/\/nordesteimprensa.com.br\/index.php\/wp-json\/wp\/v2\/posts\/2148\/revisions\/2150"}],"wp:featuredmedia":[{"embeddable":true,"href":"https:\/\/nordesteimprensa.com.br\/index.php\/wp-json\/wp\/v2\/media\/2149"}],"wp:attachment":[{"href":"https:\/\/nordesteimprensa.com.br\/index.php\/wp-json\/wp\/v2\/media?parent=2148"}],"wp:term":[{"taxonomy":"category","embeddable":true,"href":"https:\/\/nordesteimprensa.com.br\/index.php\/wp-json\/wp\/v2\/categories?post=2148"},{"taxonomy":"post_tag","embeddable":true,"href":"https:\/\/nordesteimprensa.com.br\/index.php\/wp-json\/wp\/v2\/tags?post=2148"}],"curies":[{"name":"wp","href":"https:\/\/api.w.org\/{rel}","templated":true}]}}