{"id":2151,"date":"2022-07-25T18:29:49","date_gmt":"2022-07-25T21:29:49","guid":{"rendered":"https:\/\/nordesteimprensa.com.br\/?p=2151"},"modified":"2022-07-25T18:29:50","modified_gmt":"2022-07-25T21:29:50","slug":"fatores-surpresa-das-eleicoes-2022-como-valmir-de-francisquinho-e-o-delegado-andre-david-cairam-nas-gracas-do-eleitorado-sergipano","status":"publish","type":"post","link":"https:\/\/nordesteimprensa.com.br\/index.php\/2022\/07\/25\/fatores-surpresa-das-eleicoes-2022-como-valmir-de-francisquinho-e-o-delegado-andre-david-cairam-nas-gracas-do-eleitorado-sergipano\/","title":{"rendered":"Fatores surpresa das elei\u00e7\u00f5es 2022: Como Valmir de Francisquinho e o delegado Andr\u00e9 David ca\u00edram nas gra\u00e7as do eleitorado sergipano"},"content":{"rendered":"\n<p>Ap\u00f3s cinco mandatos como vereador e dois como prefeito de Itabaiana, Valmir de Francisquinho se tornou pr\u00e9-candidato \u00e0 governador de Sergipe. J\u00e1 o delegado Andr\u00e9 David, com 15 anos de experi\u00eancia policial, resolveu se candidatar a deputado federal a fim de combater o crime direto do poder legislativo.<\/p>\n\n\n\n<p>O crescimento exponencial do eleitorado de Valmir e Andr\u00e9 se deu gra\u00e7as \u00e0 popularidade org\u00e2nica que eles alcan\u00e7aram ap\u00f3s anos de servi\u00e7os prestados \u00e0 popula\u00e7\u00e3o. Apesar dos perfis distintos, ambos pr\u00e9-candidatos t\u00eam aprova\u00e7\u00e3o hist\u00f3rica do eleitorado sergipano, apontam pesquisas do Datal\u00f4, Instituto Fran\u00e7a, ECM Pesquisas e Opini\u00e3o.<\/p>\n\n\n\n<p>Valmir de Francisquinho (PL), ex-gestor itabaianense, deixou um legado de transpar\u00eancia e crescimento econ\u00f4mico para a cidade. Conhecido por pagar servidores em dia, reformar e ampliar espa\u00e7os p\u00fablicos, levar desenvolvimento econ\u00f4mico para a regi\u00e3o e visitar cotidianamente ruas e avenidas da cidade, o ex-prefeito foi temporariamente impossibilitado de se candidatar a governador por conta de uma decis\u00e3o controversa do TSE, o que n\u00e3o abalou a confian\u00e7a do eleitorado, que dentre os demais pr\u00e9-candidatos, ainda o v\u00ea como preferido ao cargo de governador.<\/p>\n\n\n\n<p>J\u00e1 Andr\u00e9 David (Republicanos), tem sua trajet\u00f3ria marcada pela atua\u00e7\u00e3o em investiga\u00e7\u00f5es de renome nacional. Com passagem pelo Centro de Opera\u00e7\u00f5es Especiais (Cope) e pela Delegacia Regional de Est\u00e2ncia, atualmente, o delegado lidera o Departamento de Narc\u00f3ticos de Aracaju. Conhecido por combater o crime diretamente, Andr\u00e9 David vai contra a mar\u00e9 dos grandes caciques da pol\u00edtica sergipana e representa a melhor alternativa para aqueles que p\u00f5em a seguran\u00e7a p\u00fablica em primeiro lugar.<\/p>\n\n\n\n<p>Marcados por uma hist\u00f3ria de servi\u00e7o ao povo, Valmir de Francisquinho e Andr\u00e9 David fazem parte de uma gera\u00e7\u00e3o de pol\u00edticos que pretende tornar Sergipe exemplo de administra\u00e7\u00e3o p\u00fablica, e, para isso, j\u00e1 contam com o apoio da popula\u00e7\u00e3o sergipana.<\/p>\n","protected":false},"excerpt":{"rendered":"<p>Ap\u00f3s cinco mandatos como vereador e dois como prefeito de Itabaiana, Valmir de Francisquinho se tornou pr\u00e9-candidato \u00e0 governador de Sergipe. J\u00e1 o delegado Andr\u00e9 David, com 15 anos de experi\u00eancia policial, resolveu se candidatar a deputado federal a fim de combater o crime direto do poder legislativo. O crescimento exponencial do eleitorado de Valmir [&hellip;]<\/p>\n","protected":false},"author":1,"featured_media":2152,"comment_status":"open","ping_status":"open","sticky":false,"template":"","format":"standard","meta":{"footnotes":""},"categories":[10],"tags":[],"class_list":{"0":"post-2151","1":"post","2":"type-post","3":"status-publish","4":"format-standard","5":"has-post-thumbnail","7":"category-theme-features"},"_links":{"self":[{"href":"https:\/\/nordesteimprensa.com.br\/index.php\/wp-json\/wp\/v2\/posts\/2151","targetHints":{"allow":["GET"]}}],"collection":[{"href":"https:\/\/nordesteimprensa.com.br\/index.php\/wp-json\/wp\/v2\/posts"}],"about":[{"href":"https:\/\/nordesteimprensa.com.br\/index.php\/wp-json\/wp\/v2\/types\/post"}],"author":[{"embeddable":true,"href":"https:\/\/nordesteimprensa.com.br\/index.php\/wp-json\/wp\/v2\/users\/1"}],"replies":[{"embeddable":true,"href":"https:\/\/nordesteimprensa.com.br\/index.php\/wp-json\/wp\/v2\/comments?post=2151"}],"version-history":[{"count":1,"href":"https:\/\/nordesteimprensa.com.br\/index.php\/wp-json\/wp\/v2\/posts\/2151\/revisions"}],"predecessor-version":[{"id":2153,"href":"https:\/\/nordesteimprensa.com.br\/index.php\/wp-json\/wp\/v2\/posts\/2151\/revisions\/2153"}],"wp:featuredmedia":[{"embeddable":true,"href":"https:\/\/nordesteimprensa.com.br\/index.php\/wp-json\/wp\/v2\/media\/2152"}],"wp:attachment":[{"href":"https:\/\/nordesteimprensa.com.br\/index.php\/wp-json\/wp\/v2\/media?parent=2151"}],"wp:term":[{"taxonomy":"category","embeddable":true,"href":"https:\/\/nordesteimprensa.com.br\/index.php\/wp-json\/wp\/v2\/categories?post=2151"},{"taxonomy":"post_tag","embeddable":true,"href":"https:\/\/nordesteimprensa.com.br\/index.php\/wp-json\/wp\/v2\/tags?post=2151"}],"curies":[{"name":"wp","href":"https:\/\/api.w.org\/{rel}","templated":true}]}}