{"id":2157,"date":"2022-07-26T10:25:27","date_gmt":"2022-07-26T13:25:27","guid":{"rendered":"https:\/\/nordesteimprensa.com.br\/?p=2157"},"modified":"2022-07-26T10:26:33","modified_gmt":"2022-07-26T13:26:33","slug":"denarc-prende-homem-por-homicidio-e-associacao-para-o-trafico-em-socorro","status":"publish","type":"post","link":"https:\/\/nordesteimprensa.com.br\/index.php\/2022\/07\/26\/denarc-prende-homem-por-homicidio-e-associacao-para-o-trafico-em-socorro\/","title":{"rendered":"Denarc prende homem por homic\u00eddio e associa\u00e7\u00e3o para o tr\u00e1fico em Socorro"},"content":{"rendered":"\n<p>Policiais do Departamento de Narc\u00f3ticos (Denarc) cumpriram o mandado de pris\u00e3o tempor\u00e1ria contra um homem de 29 anos investigado pelas pr\u00e1ticas de homic\u00eddio e associa\u00e7\u00e3o para o tr\u00e1fico. A a\u00e7\u00e3o policial ocorreu na noite dessa segunda-feira (25).<\/p>\n\n\n\n<p>De acordo com as informa\u00e7\u00f5es policiais, a pris\u00e3o foi determinada pela Comarca de Laranjeiras, cidade onde os crimes foram praticados pelo suspeito em 2021. O investigado foi encontrado e preso no conjunto Marcos Freire II, em Nossa Senhora do Socorro.<\/p>\n\n\n\n<p>O homem j\u00e1 se encontra \u00e0 disposi\u00e7\u00e3o da Justi\u00e7a. A Pol\u00edcia Civil ressalta que a popula\u00e7\u00e3o pode contribuir com a localiza\u00e7\u00e3o de suspeitos de a\u00e7\u00f5es criminosas repassando informa\u00e7\u00f5es ao Disque-Den\u00fancia (181). O sigilo \u00e9 garantido.<\/p>\n\n\n\n<p><\/p>\n\n\n\n<p>Fonte : Rita Oliveira <\/p>\n","protected":false},"excerpt":{"rendered":"<p>Policiais do Departamento de Narc\u00f3ticos (Denarc) cumpriram o mandado de pris\u00e3o tempor\u00e1ria contra um homem de 29 anos investigado pelas pr\u00e1ticas de homic\u00eddio e associa\u00e7\u00e3o para o tr\u00e1fico. A a\u00e7\u00e3o policial ocorreu na noite dessa segunda-feira (25). De acordo com as informa\u00e7\u00f5es policiais, a pris\u00e3o foi determinada pela Comarca de Laranjeiras, cidade onde os crimes [&hellip;]<\/p>\n","protected":false},"author":1,"featured_media":2159,"comment_status":"open","ping_status":"open","sticky":false,"template":"","format":"standard","meta":{"footnotes":""},"categories":[10],"tags":[],"class_list":{"0":"post-2157","1":"post","2":"type-post","3":"status-publish","4":"format-standard","5":"has-post-thumbnail","7":"category-theme-features"},"_links":{"self":[{"href":"https:\/\/nordesteimprensa.com.br\/index.php\/wp-json\/wp\/v2\/posts\/2157","targetHints":{"allow":["GET"]}}],"collection":[{"href":"https:\/\/nordesteimprensa.com.br\/index.php\/wp-json\/wp\/v2\/posts"}],"about":[{"href":"https:\/\/nordesteimprensa.com.br\/index.php\/wp-json\/wp\/v2\/types\/post"}],"author":[{"embeddable":true,"href":"https:\/\/nordesteimprensa.com.br\/index.php\/wp-json\/wp\/v2\/users\/1"}],"replies":[{"embeddable":true,"href":"https:\/\/nordesteimprensa.com.br\/index.php\/wp-json\/wp\/v2\/comments?post=2157"}],"version-history":[{"count":1,"href":"https:\/\/nordesteimprensa.com.br\/index.php\/wp-json\/wp\/v2\/posts\/2157\/revisions"}],"predecessor-version":[{"id":2158,"href":"https:\/\/nordesteimprensa.com.br\/index.php\/wp-json\/wp\/v2\/posts\/2157\/revisions\/2158"}],"wp:featuredmedia":[{"embeddable":true,"href":"https:\/\/nordesteimprensa.com.br\/index.php\/wp-json\/wp\/v2\/media\/2159"}],"wp:attachment":[{"href":"https:\/\/nordesteimprensa.com.br\/index.php\/wp-json\/wp\/v2\/media?parent=2157"}],"wp:term":[{"taxonomy":"category","embeddable":true,"href":"https:\/\/nordesteimprensa.com.br\/index.php\/wp-json\/wp\/v2\/categories?post=2157"},{"taxonomy":"post_tag","embeddable":true,"href":"https:\/\/nordesteimprensa.com.br\/index.php\/wp-json\/wp\/v2\/tags?post=2157"}],"curies":[{"name":"wp","href":"https:\/\/api.w.org\/{rel}","templated":true}]}}