{"id":2173,"date":"2022-07-28T11:30:19","date_gmt":"2022-07-28T14:30:19","guid":{"rendered":"https:\/\/nordesteimprensa.com.br\/?p=2173"},"modified":"2022-07-28T11:30:20","modified_gmt":"2022-07-28T14:30:20","slug":"homem-e-preso-apos-tentar-matar-idoso-suspeito-de-importunacao-sexual","status":"publish","type":"post","link":"https:\/\/nordesteimprensa.com.br\/index.php\/2022\/07\/28\/homem-e-preso-apos-tentar-matar-idoso-suspeito-de-importunacao-sexual\/","title":{"rendered":"Homem \u00e9 preso ap\u00f3s tentar matar idoso suspeito de importuna\u00e7\u00e3o sexual"},"content":{"rendered":"\n<p>Na manh\u00e3 da \u00faltima quarta-feira, 27, o Departamento de Homic\u00eddios e Prote\u00e7\u00e3o \u00e0 Pessoa (DHPP) registrou a pris\u00e3o em flagrante de um homem de 27 anos, por ter feito disparos de arma de fogo contra uma v\u00edtima de 66 anos no bairro Siqueira Campos, na capital. O autor do crime afirma que a v\u00edtima tinha pr\u00e1ticas de importuna\u00e7\u00e3o sexual na vizinhan\u00e7a.<\/p>\n\n\n\n<p>Ao ser preso pela Pol\u00edcia Militar, o autor do crime estava em posse da arma usada no crime, um rev\u00f3lver calibre .32. Ap\u00f3s ser detido, ele confessou a autoria do crime e alegou que a motiva\u00e7\u00e3o da desaven\u00e7a seria o suposto hist\u00f3rico da v\u00edtima em pr\u00e1ticas de importuna\u00e7\u00e3o sexual na vizinhan\u00e7a.<\/p>\n\n\n\n<p>O investigado encontra-se preso e est\u00e1 \u00e0 disposi\u00e7\u00e3o da Justi\u00e7a. Qualquer informa\u00e7\u00e3o sobre crimes ou suspeitos podem ser repassadas por meio do Disque-Den\u00fancia (181) da Pol\u00edcia Civil. O sigilo \u00e9 garantido.<\/p>\n\n\n\n<p>Fonte: SSP\/SE<\/p>\n","protected":false},"excerpt":{"rendered":"<p>Na manh\u00e3 da \u00faltima quarta-feira, 27, o Departamento de Homic\u00eddios e Prote\u00e7\u00e3o \u00e0 Pessoa (DHPP) registrou a pris\u00e3o em flagrante de um homem de 27 anos, por ter feito disparos de arma de fogo contra uma v\u00edtima de 66 anos no bairro Siqueira Campos, na capital. O autor do crime afirma que a v\u00edtima tinha [&hellip;]<\/p>\n","protected":false},"author":1,"featured_media":2174,"comment_status":"open","ping_status":"open","sticky":false,"template":"","format":"standard","meta":{"footnotes":""},"categories":[10],"tags":[],"class_list":{"0":"post-2173","1":"post","2":"type-post","3":"status-publish","4":"format-standard","5":"has-post-thumbnail","7":"category-theme-features"},"_links":{"self":[{"href":"https:\/\/nordesteimprensa.com.br\/index.php\/wp-json\/wp\/v2\/posts\/2173","targetHints":{"allow":["GET"]}}],"collection":[{"href":"https:\/\/nordesteimprensa.com.br\/index.php\/wp-json\/wp\/v2\/posts"}],"about":[{"href":"https:\/\/nordesteimprensa.com.br\/index.php\/wp-json\/wp\/v2\/types\/post"}],"author":[{"embeddable":true,"href":"https:\/\/nordesteimprensa.com.br\/index.php\/wp-json\/wp\/v2\/users\/1"}],"replies":[{"embeddable":true,"href":"https:\/\/nordesteimprensa.com.br\/index.php\/wp-json\/wp\/v2\/comments?post=2173"}],"version-history":[{"count":1,"href":"https:\/\/nordesteimprensa.com.br\/index.php\/wp-json\/wp\/v2\/posts\/2173\/revisions"}],"predecessor-version":[{"id":2175,"href":"https:\/\/nordesteimprensa.com.br\/index.php\/wp-json\/wp\/v2\/posts\/2173\/revisions\/2175"}],"wp:featuredmedia":[{"embeddable":true,"href":"https:\/\/nordesteimprensa.com.br\/index.php\/wp-json\/wp\/v2\/media\/2174"}],"wp:attachment":[{"href":"https:\/\/nordesteimprensa.com.br\/index.php\/wp-json\/wp\/v2\/media?parent=2173"}],"wp:term":[{"taxonomy":"category","embeddable":true,"href":"https:\/\/nordesteimprensa.com.br\/index.php\/wp-json\/wp\/v2\/categories?post=2173"},{"taxonomy":"post_tag","embeddable":true,"href":"https:\/\/nordesteimprensa.com.br\/index.php\/wp-json\/wp\/v2\/tags?post=2173"}],"curies":[{"name":"wp","href":"https:\/\/api.w.org\/{rel}","templated":true}]}}