{"id":2176,"date":"2022-07-29T13:43:04","date_gmt":"2022-07-29T16:43:04","guid":{"rendered":"https:\/\/nordesteimprensa.com.br\/?p=2176"},"modified":"2022-07-29T13:43:05","modified_gmt":"2022-07-29T16:43:05","slug":"homem-suspeito-de-matar-o-proprio-irmao-apos-desavenca-e-preso","status":"publish","type":"post","link":"https:\/\/nordesteimprensa.com.br\/index.php\/2022\/07\/29\/homem-suspeito-de-matar-o-proprio-irmao-apos-desavenca-e-preso\/","title":{"rendered":"Homem suspeito de matar o pr\u00f3prio irm\u00e3o ap\u00f3s desaven\u00e7a \u00e9 preso"},"content":{"rendered":"\n<p>Policiais civis da Delegacia de Japoat\u00e3 cumpriram o mandado de pris\u00e3o de um homem investigado como o autor do homic\u00eddio que vitimou o pr\u00f3prio irm\u00e3o em julho de 2021. O suspeito foi preso nessa quinta-feira, 28, no povoado Pinga, em Japoat\u00e3.<br><\/p>\n\n\n\n<p>De acordo com as investiga\u00e7\u00f5es, o crime teria sido motivado por que a v\u00edtima \u2013 que, al\u00e9m de irm\u00e3o, era vizinho do investigado \u2013 teria se negado a fornecer passagem pelo seu terreno ao comprador da propriedade que pertencia ao autor do homic\u00eddio.<\/p>\n\n\n\n<p>Conforme o apurado no procedimento investigativo, o crime ocorreu durante um desentendimento entre o investigado e a v\u00edtima. O homem preso foi encaminhado para uma unidade policial e j\u00e1 se encontra \u00e0 disposi\u00e7\u00e3o da Justi\u00e7a.<\/p>\n\n\n\n<p>A Pol\u00edcia Civil ressalta que a popula\u00e7\u00e3o tamb\u00e9m pode contribuir com a localiza\u00e7\u00e3o de suspeitos de a\u00e7\u00f5es criminosas e elucida\u00e7\u00e3o de crimes repassando informa\u00e7\u00f5es \u00e0 pol\u00edcia por meio do Disque-Den\u00fancia, no telefone (181). O sigilo do denunciante \u00e9 garantido.<\/p>\n","protected":false},"excerpt":{"rendered":"<p>Policiais civis da Delegacia de Japoat\u00e3 cumpriram o mandado de pris\u00e3o de um homem investigado como o autor do homic\u00eddio que vitimou o pr\u00f3prio irm\u00e3o em julho de 2021. O suspeito foi preso nessa quinta-feira, 28, no povoado Pinga, em Japoat\u00e3. De acordo com as investiga\u00e7\u00f5es, o crime teria sido motivado por que a v\u00edtima [&hellip;]<\/p>\n","protected":false},"author":1,"featured_media":2177,"comment_status":"open","ping_status":"open","sticky":false,"template":"","format":"standard","meta":{"footnotes":""},"categories":[10],"tags":[],"class_list":{"0":"post-2176","1":"post","2":"type-post","3":"status-publish","4":"format-standard","5":"has-post-thumbnail","7":"category-theme-features"},"_links":{"self":[{"href":"https:\/\/nordesteimprensa.com.br\/index.php\/wp-json\/wp\/v2\/posts\/2176","targetHints":{"allow":["GET"]}}],"collection":[{"href":"https:\/\/nordesteimprensa.com.br\/index.php\/wp-json\/wp\/v2\/posts"}],"about":[{"href":"https:\/\/nordesteimprensa.com.br\/index.php\/wp-json\/wp\/v2\/types\/post"}],"author":[{"embeddable":true,"href":"https:\/\/nordesteimprensa.com.br\/index.php\/wp-json\/wp\/v2\/users\/1"}],"replies":[{"embeddable":true,"href":"https:\/\/nordesteimprensa.com.br\/index.php\/wp-json\/wp\/v2\/comments?post=2176"}],"version-history":[{"count":1,"href":"https:\/\/nordesteimprensa.com.br\/index.php\/wp-json\/wp\/v2\/posts\/2176\/revisions"}],"predecessor-version":[{"id":2178,"href":"https:\/\/nordesteimprensa.com.br\/index.php\/wp-json\/wp\/v2\/posts\/2176\/revisions\/2178"}],"wp:featuredmedia":[{"embeddable":true,"href":"https:\/\/nordesteimprensa.com.br\/index.php\/wp-json\/wp\/v2\/media\/2177"}],"wp:attachment":[{"href":"https:\/\/nordesteimprensa.com.br\/index.php\/wp-json\/wp\/v2\/media?parent=2176"}],"wp:term":[{"taxonomy":"category","embeddable":true,"href":"https:\/\/nordesteimprensa.com.br\/index.php\/wp-json\/wp\/v2\/categories?post=2176"},{"taxonomy":"post_tag","embeddable":true,"href":"https:\/\/nordesteimprensa.com.br\/index.php\/wp-json\/wp\/v2\/tags?post=2176"}],"curies":[{"name":"wp","href":"https:\/\/api.w.org\/{rel}","templated":true}]}}