{"id":2255,"date":"2022-08-19T12:32:39","date_gmt":"2022-08-19T15:32:39","guid":{"rendered":"https:\/\/nordesteimprensa.com.br\/?p=2255"},"modified":"2022-08-19T12:32:40","modified_gmt":"2022-08-19T15:32:40","slug":"comissao-da-amazonia-promove-audiencias-publicas-e-debate-sobre-desenvolvimento-regional","status":"publish","type":"post","link":"https:\/\/nordesteimprensa.com.br\/index.php\/2022\/08\/19\/comissao-da-amazonia-promove-audiencias-publicas-e-debate-sobre-desenvolvimento-regional\/","title":{"rendered":"<em>Comiss\u00e3o da Amaz\u00f4nia promove audi\u00eancias p\u00fablicas e debate sobre desenvolvimento regional<\/em>"},"content":{"rendered":"\n<p>Ao longo dos \u00faltimos meses, a Comiss\u00e3o de Integra\u00e7\u00e3o Nacional, Desenvolvimento Regional e da Amaz\u00f4nia da C\u00e2mara dos Deputados, presidida por Jo\u00e3o Daniel (PT), realizou diversas audi\u00eancias p\u00fablicas para tratar do sistema de comunica\u00e7\u00e3o da regi\u00e3o.<br>A Amaz\u00f4nia Legal, composta pelo Acre, Rond\u00f4nia, Roraima, Par\u00e1, Maranh\u00e3o, Amap\u00e1, Tocantins e Mato Grosso, \u00e9 conhecida pelas pol\u00eamicas acerca do desmatamento e da expans\u00e3o do agroneg\u00f3cio. Contudo, o Amazonas e os estados vizinhos sofrem com a baixa estrutura do sistema de comunica\u00e7\u00e3o, j\u00e1 que as empresas privadas preferem concentrar seus investimentos em outros locais do pa\u00eds.<\/p>\n\n\n\n<p>Para resolver o problema, o presidente Jo\u00e3o Daniel, junto aos demais deputados da Comiss\u00e3o d\u00e3o continuidade ao programa \u201cAmaz\u00f4nia Conectada\u201d, uma iniciativa que visa ampliar a estrutura de fibra \u00f3ptica nos estados afetados.<\/p>\n\n\n\n<p>O Projeto Amaz\u00f4nia Conectada surgiu da necessidade de conectar as unidades do Ex\u00e9rcito Brasileiro na regi\u00e3o Amaz\u00f4nica Ocidental (Amazonas, Acre, Rond\u00f4nia e Roraima), mas os benef\u00edcios se estenderam para toda a popula\u00e7\u00e3o civil. Em 2021, o projeto j\u00e1 havia lan\u00e7ado mais de 1900 km de cabos \u00f3pticos, beneficiando nove munic\u00edpios nas regi\u00f5es dos rios Negro e Solim\u00f5es, al\u00e9m da capital Manaus.<\/p>\n","protected":false},"excerpt":{"rendered":"<p>Ao longo dos \u00faltimos meses, a Comiss\u00e3o de Integra\u00e7\u00e3o Nacional, Desenvolvimento Regional e da Amaz\u00f4nia da C\u00e2mara dos Deputados, presidida por Jo\u00e3o Daniel (PT), realizou diversas audi\u00eancias p\u00fablicas para tratar do sistema de comunica\u00e7\u00e3o da regi\u00e3o.A Amaz\u00f4nia Legal, composta pelo Acre, Rond\u00f4nia, Roraima, Par\u00e1, Maranh\u00e3o, Amap\u00e1, Tocantins e Mato Grosso, \u00e9 conhecida pelas pol\u00eamicas acerca [&hellip;]<\/p>\n","protected":false},"author":1,"featured_media":2256,"comment_status":"open","ping_status":"open","sticky":false,"template":"","format":"standard","meta":{"footnotes":""},"categories":[10],"tags":[],"class_list":{"0":"post-2255","1":"post","2":"type-post","3":"status-publish","4":"format-standard","5":"has-post-thumbnail","7":"category-theme-features"},"_links":{"self":[{"href":"https:\/\/nordesteimprensa.com.br\/index.php\/wp-json\/wp\/v2\/posts\/2255","targetHints":{"allow":["GET"]}}],"collection":[{"href":"https:\/\/nordesteimprensa.com.br\/index.php\/wp-json\/wp\/v2\/posts"}],"about":[{"href":"https:\/\/nordesteimprensa.com.br\/index.php\/wp-json\/wp\/v2\/types\/post"}],"author":[{"embeddable":true,"href":"https:\/\/nordesteimprensa.com.br\/index.php\/wp-json\/wp\/v2\/users\/1"}],"replies":[{"embeddable":true,"href":"https:\/\/nordesteimprensa.com.br\/index.php\/wp-json\/wp\/v2\/comments?post=2255"}],"version-history":[{"count":1,"href":"https:\/\/nordesteimprensa.com.br\/index.php\/wp-json\/wp\/v2\/posts\/2255\/revisions"}],"predecessor-version":[{"id":2257,"href":"https:\/\/nordesteimprensa.com.br\/index.php\/wp-json\/wp\/v2\/posts\/2255\/revisions\/2257"}],"wp:featuredmedia":[{"embeddable":true,"href":"https:\/\/nordesteimprensa.com.br\/index.php\/wp-json\/wp\/v2\/media\/2256"}],"wp:attachment":[{"href":"https:\/\/nordesteimprensa.com.br\/index.php\/wp-json\/wp\/v2\/media?parent=2255"}],"wp:term":[{"taxonomy":"category","embeddable":true,"href":"https:\/\/nordesteimprensa.com.br\/index.php\/wp-json\/wp\/v2\/categories?post=2255"},{"taxonomy":"post_tag","embeddable":true,"href":"https:\/\/nordesteimprensa.com.br\/index.php\/wp-json\/wp\/v2\/tags?post=2255"}],"curies":[{"name":"wp","href":"https:\/\/api.w.org\/{rel}","templated":true}]}}