{"id":2265,"date":"2022-08-20T09:32:54","date_gmt":"2022-08-20T12:32:54","guid":{"rendered":"https:\/\/nordesteimprensa.com.br\/?p=2265"},"modified":"2022-08-20T09:32:56","modified_gmt":"2022-08-20T12:32:56","slug":"lagarto-futsal-conquista-o-titulo-de-bicampeao-sergipano","status":"publish","type":"post","link":"https:\/\/nordesteimprensa.com.br\/index.php\/2022\/08\/20\/lagarto-futsal-conquista-o-titulo-de-bicampeao-sergipano\/","title":{"rendered":"Lagarto Futsal conquista o t\u00edtulo de bicampe\u00e3o sergipano"},"content":{"rendered":"\n<p>Na \u00faltima sexta-feira, 19, o Lagarto Futsal derrotou o Educar, em Nossa Senhora da Gl\u00f3ria, por 3 a 1, e sagrou-se campe\u00e3o do Campeonato Sergipano de Futsal de 2022. Este foi o segundo t\u00edtulo do Verd\u00e3o na competi\u00e7\u00e3o.<\/p>\n\n\n\n<p>Para o jogo de volta da grande final, o Lagarto entrou em quadra com vantagem, j\u00e1 que havia derrotado o Educar no Gin\u00e1sio de Esportes O Ribeir\u00e3o. \u201cConquistamos a gl\u00f3ria em Gl\u00f3ria\u201d, comemorou a diretoria do time.<\/p>\n\n\n\n<p>\u201cParab\u00e9ns para toda a nossa equipe, todos os jogadores, equipe t\u00e9cnica, todos os apoiadores e patrocinadores, todos os torcedores \u2013 voc\u00eas foram fundamentais em todas as nossas vit\u00f3rias\u201d, completou.<\/p>\n\n\n\n<p>Com o bicampeonato, o Lagarto Futsal agora seguir\u00e1 em busca de novos t\u00edtulos em outras competi\u00e7\u00f5es, a exemplo da Copa TV Sergipe de Futsal.<\/p>\n\n\n\n<p>Fonte:  Lagartense <\/p>\n","protected":false},"excerpt":{"rendered":"<p>Na \u00faltima sexta-feira, 19, o Lagarto Futsal derrotou o Educar, em Nossa Senhora da Gl\u00f3ria, por 3 a 1, e sagrou-se campe\u00e3o do Campeonato Sergipano de Futsal de 2022. Este foi o segundo t\u00edtulo do Verd\u00e3o na competi\u00e7\u00e3o. Para o jogo de volta da grande final, o Lagarto entrou em quadra com vantagem, j\u00e1 que [&hellip;]<\/p>\n","protected":false},"author":1,"featured_media":2266,"comment_status":"open","ping_status":"open","sticky":false,"template":"","format":"standard","meta":{"footnotes":""},"categories":[10],"tags":[],"class_list":{"0":"post-2265","1":"post","2":"type-post","3":"status-publish","4":"format-standard","5":"has-post-thumbnail","7":"category-theme-features"},"_links":{"self":[{"href":"https:\/\/nordesteimprensa.com.br\/index.php\/wp-json\/wp\/v2\/posts\/2265","targetHints":{"allow":["GET"]}}],"collection":[{"href":"https:\/\/nordesteimprensa.com.br\/index.php\/wp-json\/wp\/v2\/posts"}],"about":[{"href":"https:\/\/nordesteimprensa.com.br\/index.php\/wp-json\/wp\/v2\/types\/post"}],"author":[{"embeddable":true,"href":"https:\/\/nordesteimprensa.com.br\/index.php\/wp-json\/wp\/v2\/users\/1"}],"replies":[{"embeddable":true,"href":"https:\/\/nordesteimprensa.com.br\/index.php\/wp-json\/wp\/v2\/comments?post=2265"}],"version-history":[{"count":1,"href":"https:\/\/nordesteimprensa.com.br\/index.php\/wp-json\/wp\/v2\/posts\/2265\/revisions"}],"predecessor-version":[{"id":2267,"href":"https:\/\/nordesteimprensa.com.br\/index.php\/wp-json\/wp\/v2\/posts\/2265\/revisions\/2267"}],"wp:featuredmedia":[{"embeddable":true,"href":"https:\/\/nordesteimprensa.com.br\/index.php\/wp-json\/wp\/v2\/media\/2266"}],"wp:attachment":[{"href":"https:\/\/nordesteimprensa.com.br\/index.php\/wp-json\/wp\/v2\/media?parent=2265"}],"wp:term":[{"taxonomy":"category","embeddable":true,"href":"https:\/\/nordesteimprensa.com.br\/index.php\/wp-json\/wp\/v2\/categories?post=2265"},{"taxonomy":"post_tag","embeddable":true,"href":"https:\/\/nordesteimprensa.com.br\/index.php\/wp-json\/wp\/v2\/tags?post=2265"}],"curies":[{"name":"wp","href":"https:\/\/api.w.org\/{rel}","templated":true}]}}