{"id":2335,"date":"2022-08-29T08:48:03","date_gmt":"2022-08-29T11:48:03","guid":{"rendered":"https:\/\/nordesteimprensa.com.br\/?p=2335"},"modified":"2022-08-29T08:48:04","modified_gmt":"2022-08-29T11:48:04","slug":"prefeitura-de-simao-dias-realiza-passeio-ciclistico-pelo-fim-da-violencia-contra-a-mulher","status":"publish","type":"post","link":"https:\/\/nordesteimprensa.com.br\/index.php\/2022\/08\/29\/prefeitura-de-simao-dias-realiza-passeio-ciclistico-pelo-fim-da-violencia-contra-a-mulher\/","title":{"rendered":"Prefeitura de Sim\u00e3o Dias realiza passeio cicl\u00edstico pelo fim da viol\u00eancia contra a mulher"},"content":{"rendered":"\n<p>Na manh\u00e3 do \u00faltimo domingo, 28 de agosto, a Prefeitura de Sim\u00e3o Dias realizou o 1\u00b0 Passeio Cicl\u00edstico dentro da Campanha Agosto Lil\u00e1s, pelo fim da viol\u00eancia contra \u00e0 mulher.<\/p>\n\n\n\n<p>O evento teve in\u00edcio no CREAS Dr. Marcelo Franco e ap\u00f3s percorrer as principais ruas da cidade foi encerrado na Pra\u00e7a de Eventos Vicente Ferreira de Souza, com um caf\u00e9 da manh\u00e3.<\/p>\n\n\n\n<p>Participaram do evento, a primeira-dama Cl\u00e1udia Cristiane, os secret\u00e1rios de Esporte, Lazer, Turismo e Cultura, Marcelo Carregosa e de Inclus\u00e3o Social, Marcos Ant\u00f4nio, al\u00e9m da vereadora Aninha do Triunfo.<\/p>\n\n\n\n<p>O Passeio Cicl\u00edstico foi uma iniciativa da Secretaria de Inclus\u00e3o, Assist\u00eancia Social e Trabalho, CRAS, CREAS e Coordenadoria de Pol\u00edticas P\u00fablicas para as Mulheres.<\/p>\n\n\n\n<p>Fonte: Prefeitura Municipal de Sim\u00e3o Dias<\/p>\n","protected":false},"excerpt":{"rendered":"<p>Na manh\u00e3 do \u00faltimo domingo, 28 de agosto, a Prefeitura de Sim\u00e3o Dias realizou o 1\u00b0 Passeio Cicl\u00edstico dentro da Campanha Agosto Lil\u00e1s, pelo fim da viol\u00eancia contra \u00e0 mulher. O evento teve in\u00edcio no CREAS Dr. Marcelo Franco e ap\u00f3s percorrer as principais ruas da cidade foi encerrado na Pra\u00e7a de Eventos Vicente Ferreira [&hellip;]<\/p>\n","protected":false},"author":1,"featured_media":2336,"comment_status":"open","ping_status":"open","sticky":false,"template":"","format":"standard","meta":{"footnotes":""},"categories":[10],"tags":[],"class_list":{"0":"post-2335","1":"post","2":"type-post","3":"status-publish","4":"format-standard","5":"has-post-thumbnail","7":"category-theme-features"},"_links":{"self":[{"href":"https:\/\/nordesteimprensa.com.br\/index.php\/wp-json\/wp\/v2\/posts\/2335","targetHints":{"allow":["GET"]}}],"collection":[{"href":"https:\/\/nordesteimprensa.com.br\/index.php\/wp-json\/wp\/v2\/posts"}],"about":[{"href":"https:\/\/nordesteimprensa.com.br\/index.php\/wp-json\/wp\/v2\/types\/post"}],"author":[{"embeddable":true,"href":"https:\/\/nordesteimprensa.com.br\/index.php\/wp-json\/wp\/v2\/users\/1"}],"replies":[{"embeddable":true,"href":"https:\/\/nordesteimprensa.com.br\/index.php\/wp-json\/wp\/v2\/comments?post=2335"}],"version-history":[{"count":1,"href":"https:\/\/nordesteimprensa.com.br\/index.php\/wp-json\/wp\/v2\/posts\/2335\/revisions"}],"predecessor-version":[{"id":2337,"href":"https:\/\/nordesteimprensa.com.br\/index.php\/wp-json\/wp\/v2\/posts\/2335\/revisions\/2337"}],"wp:featuredmedia":[{"embeddable":true,"href":"https:\/\/nordesteimprensa.com.br\/index.php\/wp-json\/wp\/v2\/media\/2336"}],"wp:attachment":[{"href":"https:\/\/nordesteimprensa.com.br\/index.php\/wp-json\/wp\/v2\/media?parent=2335"}],"wp:term":[{"taxonomy":"category","embeddable":true,"href":"https:\/\/nordesteimprensa.com.br\/index.php\/wp-json\/wp\/v2\/categories?post=2335"},{"taxonomy":"post_tag","embeddable":true,"href":"https:\/\/nordesteimprensa.com.br\/index.php\/wp-json\/wp\/v2\/tags?post=2335"}],"curies":[{"name":"wp","href":"https:\/\/api.w.org\/{rel}","templated":true}]}}