{"id":2523,"date":"2022-09-24T12:05:16","date_gmt":"2022-09-24T15:05:16","guid":{"rendered":"https:\/\/nordesteimprensa.com.br\/?p=2523"},"modified":"2022-09-24T12:05:17","modified_gmt":"2022-09-24T15:05:17","slug":"primavera-primeiro-fim-de-semana-sera-de-ceu-aberto-em-se","status":"publish","type":"post","link":"https:\/\/nordesteimprensa.com.br\/index.php\/2022\/09\/24\/primavera-primeiro-fim-de-semana-sera-de-ceu-aberto-em-se\/","title":{"rendered":"Primavera: Primeiro fim de semana ser\u00e1 de c\u00e9u aberto em SE"},"content":{"rendered":"\n<p>A esta\u00e7\u00e3o primavera j\u00e1 se mostra diferente da sua antecessora, inverno. Desde as primeiras horas da manh\u00e3 da \u00faltima sexta-feira, 23, apresenta tempo firme e sensa\u00e7\u00e3o t\u00e9rmica um pouco mais elevada, situa\u00e7\u00e3o que deve durar at\u00e9 a pr\u00f3xima segunda-feira, 26, em todo o estado de Sergipe.<\/p>\n\n\n\n<p>Neste s\u00e1bado, 24, a madrugada ser\u00e1 de tempo nublado, enquanto a manh\u00e3, tarde e noite ter\u00e1 tempo parcialmente nublado em todo o estado, podendo ocorrer chuvas r\u00e1pidas e isoladas, mas em baixo volume, Os term\u00f4metros registram m\u00ednimas de 22,1\u00b0C e m\u00e1ximas de 28,7\u00b0C no litoral e entre 19,7\u00b0C e 30,5\u00b0C no interior.<\/p>\n\n\n\n<p>O domingo, 25, ter\u00e1 chuvas leves durante a madrugada no Territ\u00f3rio do Agreste Central e tempo nublado nos outros sete. Pela manh\u00e3, h\u00e1 possibilidade de precipita\u00e7\u00f5es leves nos territ\u00f3rios Centro Sul e Sul Sergipanos e tempo parcialmente nublado nos demais. A tarde ser\u00e1 de c\u00e9u aberto e poucas nuvens e a noite o tempo tende a ficar parcialmente nublado em todo o Estado. As temperaturas m\u00ednimas ser\u00e3o de 23,8\u00b0C no litoral e 19\u00b0C no interior, j\u00e1 as m\u00e1ximas ficam em torno de 28,6\u00b0C, e 28,9\u00b0C, respectivamente.<\/p>\n\n\n\n<p>A segunda-feira, 26, ter\u00e1 tempo nublado durante a madrugada e parcialmente nublado pela manh\u00e3, tarde e noite em todos os territ\u00f3rios sergipanos. As temperaturas variam de 23,3\u00b0C \u00e0 28,4\u00b0C no litoral e entre 18,8\u00b0C e 29\u00b0C no interior.<\/p>\n\n\n\n<p>Fonte: Sedurbs<\/p>\n","protected":false},"excerpt":{"rendered":"<p>A esta\u00e7\u00e3o primavera j\u00e1 se mostra diferente da sua antecessora, inverno. Desde as primeiras horas da manh\u00e3 da \u00faltima sexta-feira, 23, apresenta tempo firme e sensa\u00e7\u00e3o t\u00e9rmica um pouco mais elevada, situa\u00e7\u00e3o que deve durar at\u00e9 a pr\u00f3xima segunda-feira, 26, em todo o estado de Sergipe. Neste s\u00e1bado, 24, a madrugada ser\u00e1 de tempo nublado, [&hellip;]<\/p>\n","protected":false},"author":1,"featured_media":2524,"comment_status":"open","ping_status":"open","sticky":false,"template":"","format":"standard","meta":{"footnotes":""},"categories":[10],"tags":[53],"class_list":{"0":"post-2523","1":"post","2":"type-post","3":"status-publish","4":"format-standard","5":"has-post-thumbnail","7":"category-theme-features","8":"tag-destaque"},"_links":{"self":[{"href":"https:\/\/nordesteimprensa.com.br\/index.php\/wp-json\/wp\/v2\/posts\/2523","targetHints":{"allow":["GET"]}}],"collection":[{"href":"https:\/\/nordesteimprensa.com.br\/index.php\/wp-json\/wp\/v2\/posts"}],"about":[{"href":"https:\/\/nordesteimprensa.com.br\/index.php\/wp-json\/wp\/v2\/types\/post"}],"author":[{"embeddable":true,"href":"https:\/\/nordesteimprensa.com.br\/index.php\/wp-json\/wp\/v2\/users\/1"}],"replies":[{"embeddable":true,"href":"https:\/\/nordesteimprensa.com.br\/index.php\/wp-json\/wp\/v2\/comments?post=2523"}],"version-history":[{"count":1,"href":"https:\/\/nordesteimprensa.com.br\/index.php\/wp-json\/wp\/v2\/posts\/2523\/revisions"}],"predecessor-version":[{"id":2525,"href":"https:\/\/nordesteimprensa.com.br\/index.php\/wp-json\/wp\/v2\/posts\/2523\/revisions\/2525"}],"wp:featuredmedia":[{"embeddable":true,"href":"https:\/\/nordesteimprensa.com.br\/index.php\/wp-json\/wp\/v2\/media\/2524"}],"wp:attachment":[{"href":"https:\/\/nordesteimprensa.com.br\/index.php\/wp-json\/wp\/v2\/media?parent=2523"}],"wp:term":[{"taxonomy":"category","embeddable":true,"href":"https:\/\/nordesteimprensa.com.br\/index.php\/wp-json\/wp\/v2\/categories?post=2523"},{"taxonomy":"post_tag","embeddable":true,"href":"https:\/\/nordesteimprensa.com.br\/index.php\/wp-json\/wp\/v2\/tags?post=2523"}],"curies":[{"name":"wp","href":"https:\/\/api.w.org\/{rel}","templated":true}]}}