{"id":2559,"date":"2022-10-04T17:15:43","date_gmt":"2022-10-04T20:15:43","guid":{"rendered":"https:\/\/nordesteimprensa.com.br\/?p=2559"},"modified":"2022-10-04T17:15:44","modified_gmt":"2022-10-04T20:15:44","slug":"governo-antecipa-parcelas-do-auxilio-brasil-e-gas-antes-do-segundo-turno","status":"publish","type":"post","link":"https:\/\/nordesteimprensa.com.br\/index.php\/2022\/10\/04\/governo-antecipa-parcelas-do-auxilio-brasil-e-gas-antes-do-segundo-turno\/","title":{"rendered":"Governo antecipa parcelas do Aux\u00edlio Brasil e G\u00e1s antes do segundo turno"},"content":{"rendered":"\n<p>O calend\u00e1rio de outubro do Aux\u00edlio Brasil e do Aux\u00edlio G\u00e1s foi antecipado. O Minist\u00e9rio da Cidadania publicou no Di\u00e1rio Oficial da Uni\u00e3o desta segunda-feira, 3.10, a&nbsp;<strong><a href=\"https:\/\/www.in.gov.br\/web\/dou\/-\/instrucao-normativa-n-21\/seds\/senarc\/mc-de-30-de-setembro-de-2022-433620681\" target=\"_blank\" rel=\"noreferrer noopener\">Instru\u00e7\u00e3o Normativa n\u00ba 21<\/a><\/strong>. Ela oficializa um novo cronograma de repasses do programa de transfer\u00eancia de renda para o m\u00eas de outubro de 2022.<\/p>\n\n\n\n<p>Originalmente, a data de in\u00edcio dos pagamentos seria no dia 18. De acordo com o novo calend\u00e1rio, os repasses do valor m\u00ednimo de R$ 600 por fam\u00edlia v\u00e3o come\u00e7ar na ter\u00e7a-feira, 11.10, para benefici\u00e1rios com N\u00famero de Identifica\u00e7\u00e3o Social (NIS) terminado em 1. Os pagamentos seguir\u00e3o de forma escalonada, como ocorre normalmente, at\u00e9 o dia 25 de outubro. Nesta data receber\u00e3o os contemplados pelo programa com final do NIS 0.<\/p>\n\n\n\n<p>No m\u00eas de outubro, al\u00e9m do Aux\u00edlio Brasil, ser\u00e1 pago tamb\u00e9m mais uma parcela do Aux\u00edlio G\u00e1s. O benef\u00edcio bimestral equivale ao valor da m\u00e9dia nacional do botij\u00e3o de g\u00e1s de cozinha de 13 quilos. Em agosto, 5,6 milh\u00f5es de fam\u00edlias foram contempladas. O Aux\u00edlio Brasil, por sua vez, chegou a 20,65 milh\u00f5es de fam\u00edlias em setembro de 2022, o maior patamar da hist\u00f3ria dos programas de transfer\u00eancia de renda nacionais, a partir de um repasse total de R$ 12,47 bilh\u00f5es.<\/p>\n\n\n\n<p>O Aux\u00edlio Brasil \u00e9 voltado a fam\u00edlias em situa\u00e7\u00e3o de vulnerabilidade econ\u00f4mica e social. Para serem habilitadas, elas precisam atender crit\u00e9rios de elegibilidade, como apresentar renda per capita classificada como situa\u00e7\u00e3o de pobreza ou de extrema pobreza, ter os dados atualizados no Cadastro \u00danico nos \u00faltimos 24 meses e n\u00e3o ter informa\u00e7\u00f5es divergentes entre as declaradas no cadastro e as de outras bases de dados federais. A sele\u00e7\u00e3o \u00e9 feita considerando a estimativa de pobreza, a quantidade de fam\u00edlias atendidas em cada munic\u00edpio e o limite or\u00e7ament\u00e1rio anual.<\/p>\n\n\n\n<p>Fonte: Minist\u00e9rio da Cidadania<\/p>\n","protected":false},"excerpt":{"rendered":"<p>O calend\u00e1rio de outubro do Aux\u00edlio Brasil e do Aux\u00edlio G\u00e1s foi antecipado. O Minist\u00e9rio da Cidadania publicou no Di\u00e1rio Oficial da Uni\u00e3o desta segunda-feira, 3.10, a&nbsp;Instru\u00e7\u00e3o Normativa n\u00ba 21. Ela oficializa um novo cronograma de repasses do programa de transfer\u00eancia de renda para o m\u00eas de outubro de 2022. Originalmente, a data de in\u00edcio [&hellip;]<\/p>\n","protected":false},"author":1,"featured_media":2560,"comment_status":"open","ping_status":"open","sticky":false,"template":"","format":"standard","meta":{"footnotes":""},"categories":[10],"tags":[],"class_list":{"0":"post-2559","1":"post","2":"type-post","3":"status-publish","4":"format-standard","5":"has-post-thumbnail","7":"category-theme-features"},"_links":{"self":[{"href":"https:\/\/nordesteimprensa.com.br\/index.php\/wp-json\/wp\/v2\/posts\/2559","targetHints":{"allow":["GET"]}}],"collection":[{"href":"https:\/\/nordesteimprensa.com.br\/index.php\/wp-json\/wp\/v2\/posts"}],"about":[{"href":"https:\/\/nordesteimprensa.com.br\/index.php\/wp-json\/wp\/v2\/types\/post"}],"author":[{"embeddable":true,"href":"https:\/\/nordesteimprensa.com.br\/index.php\/wp-json\/wp\/v2\/users\/1"}],"replies":[{"embeddable":true,"href":"https:\/\/nordesteimprensa.com.br\/index.php\/wp-json\/wp\/v2\/comments?post=2559"}],"version-history":[{"count":1,"href":"https:\/\/nordesteimprensa.com.br\/index.php\/wp-json\/wp\/v2\/posts\/2559\/revisions"}],"predecessor-version":[{"id":2561,"href":"https:\/\/nordesteimprensa.com.br\/index.php\/wp-json\/wp\/v2\/posts\/2559\/revisions\/2561"}],"wp:featuredmedia":[{"embeddable":true,"href":"https:\/\/nordesteimprensa.com.br\/index.php\/wp-json\/wp\/v2\/media\/2560"}],"wp:attachment":[{"href":"https:\/\/nordesteimprensa.com.br\/index.php\/wp-json\/wp\/v2\/media?parent=2559"}],"wp:term":[{"taxonomy":"category","embeddable":true,"href":"https:\/\/nordesteimprensa.com.br\/index.php\/wp-json\/wp\/v2\/categories?post=2559"},{"taxonomy":"post_tag","embeddable":true,"href":"https:\/\/nordesteimprensa.com.br\/index.php\/wp-json\/wp\/v2\/tags?post=2559"}],"curies":[{"name":"wp","href":"https:\/\/api.w.org\/{rel}","templated":true}]}}