{"id":2568,"date":"2022-10-11T00:04:42","date_gmt":"2022-10-11T03:04:42","guid":{"rendered":"https:\/\/nordesteimprensa.com.br\/?p=2568"},"modified":"2022-10-11T00:04:43","modified_gmt":"2022-10-11T03:04:43","slug":"investigada-por-atrair-vitimas-para-executores-de-homicidio-e-presa-em-se","status":"publish","type":"post","link":"https:\/\/nordesteimprensa.com.br\/index.php\/2022\/10\/11\/investigada-por-atrair-vitimas-para-executores-de-homicidio-e-presa-em-se\/","title":{"rendered":"Investigada por atrair v\u00edtimas para executores de homic\u00eddio \u00e9 presa em SE"},"content":{"rendered":"\n<p>Em a\u00e7\u00e3o conjunta entre as pol\u00edcias Civil de Sergipe e de Alagoas, foi dado cumprimento ao mandado de pris\u00e3o preventiva de uma mulher investigada por tentativa de homic\u00eddio e homic\u00eddio consumado. Os crimes ocorreram no in\u00edcio deste ano em Arapiraca (AL). A a\u00e7\u00e3o policial, que aconteceu em Nossa Senhora da Gl\u00f3ria, foi divulgada nesta segunda-feira, 10.<\/p>\n\n\n\n<p>A opera\u00e7\u00e3o ocorreu ap\u00f3s troca de informa\u00e7\u00f5es entre os delegados Jorge Eduardo, da Pol\u00edcia Civil de Sergipe, e Everton Gon\u00e7alves, da Pol\u00edcia Civil de Alagoas. Com isso, foi identificado que a investigada estava em Nossa Senhora da Gl\u00f3ria.<\/p>\n\n\n\n<p>Conforme a investiga\u00e7\u00e3o, a mulher \u00e9 suspeita de atrair as v\u00edtimas, dois homens que eram inimigos de integrantes de um grupo criminoso, para a emboscada. Ap\u00f3s acertarem um programa com a investigada e uma prima, adolescente, as v\u00edtimas foram atra\u00eddas e atingidas com disparos de arma de fogo.<\/p>\n\n\n\n<p>Ainda segundo a apura\u00e7\u00e3o policial, uma das mulheres chegou a beijar e abra\u00e7ar os alvos da a\u00e7\u00e3o criminosa, para que fossem identificados pelos executores do crime.<\/p>\n\n\n\n<p>A Pol\u00edcia Civil de Alagoas j\u00e1 havia identificado e prendido um dos executores do crime, al\u00e9m de j\u00e1 ter aprendido a adolescente. A mulher presa em Sergipe j\u00e1 encontra-se \u00e0 disposi\u00e7\u00e3o da Justi\u00e7a para ado\u00e7\u00e3o das demais medidas legais cab\u00edveis ao caso.<\/p>\n\n\n\n<p>Fonte: SSP\/SE<\/p>\n","protected":false},"excerpt":{"rendered":"<p>Em a\u00e7\u00e3o conjunta entre as pol\u00edcias Civil de Sergipe e de Alagoas, foi dado cumprimento ao mandado de pris\u00e3o preventiva de uma mulher investigada por tentativa de homic\u00eddio e homic\u00eddio consumado. Os crimes ocorreram no in\u00edcio deste ano em Arapiraca (AL). A a\u00e7\u00e3o policial, que aconteceu em Nossa Senhora da Gl\u00f3ria, foi divulgada nesta segunda-feira, [&hellip;]<\/p>\n","protected":false},"author":1,"featured_media":2569,"comment_status":"open","ping_status":"open","sticky":false,"template":"","format":"standard","meta":{"footnotes":""},"categories":[10],"tags":[],"class_list":{"0":"post-2568","1":"post","2":"type-post","3":"status-publish","4":"format-standard","5":"has-post-thumbnail","7":"category-theme-features"},"_links":{"self":[{"href":"https:\/\/nordesteimprensa.com.br\/index.php\/wp-json\/wp\/v2\/posts\/2568","targetHints":{"allow":["GET"]}}],"collection":[{"href":"https:\/\/nordesteimprensa.com.br\/index.php\/wp-json\/wp\/v2\/posts"}],"about":[{"href":"https:\/\/nordesteimprensa.com.br\/index.php\/wp-json\/wp\/v2\/types\/post"}],"author":[{"embeddable":true,"href":"https:\/\/nordesteimprensa.com.br\/index.php\/wp-json\/wp\/v2\/users\/1"}],"replies":[{"embeddable":true,"href":"https:\/\/nordesteimprensa.com.br\/index.php\/wp-json\/wp\/v2\/comments?post=2568"}],"version-history":[{"count":1,"href":"https:\/\/nordesteimprensa.com.br\/index.php\/wp-json\/wp\/v2\/posts\/2568\/revisions"}],"predecessor-version":[{"id":2570,"href":"https:\/\/nordesteimprensa.com.br\/index.php\/wp-json\/wp\/v2\/posts\/2568\/revisions\/2570"}],"wp:featuredmedia":[{"embeddable":true,"href":"https:\/\/nordesteimprensa.com.br\/index.php\/wp-json\/wp\/v2\/media\/2569"}],"wp:attachment":[{"href":"https:\/\/nordesteimprensa.com.br\/index.php\/wp-json\/wp\/v2\/media?parent=2568"}],"wp:term":[{"taxonomy":"category","embeddable":true,"href":"https:\/\/nordesteimprensa.com.br\/index.php\/wp-json\/wp\/v2\/categories?post=2568"},{"taxonomy":"post_tag","embeddable":true,"href":"https:\/\/nordesteimprensa.com.br\/index.php\/wp-json\/wp\/v2\/tags?post=2568"}],"curies":[{"name":"wp","href":"https:\/\/api.w.org\/{rel}","templated":true}]}}