{"id":2575,"date":"2022-10-11T22:18:06","date_gmt":"2022-10-12T01:18:06","guid":{"rendered":"https:\/\/nordesteimprensa.com.br\/?p=2575"},"modified":"2022-10-11T22:18:07","modified_gmt":"2022-10-12T01:18:07","slug":"prefeitura-da-inicio-a-campanha-de-vacinacao-antirrabica","status":"publish","type":"post","link":"https:\/\/nordesteimprensa.com.br\/index.php\/2022\/10\/11\/prefeitura-da-inicio-a-campanha-de-vacinacao-antirrabica\/","title":{"rendered":"Prefeitura d\u00e1 in\u00edcio a Campanha de Vacina\u00e7\u00e3o Antirr\u00e1bica"},"content":{"rendered":"\n<p>A prefeitura de Lagarto, atrav\u00e9s da secretaria municipal de sa\u00fade, deu inicio nesta ter\u00e7a-feira, 11, a Campanha de Vacina\u00e7\u00e3o Antirr\u00e1bica em c\u00e3es e gatos do munic\u00edpio.<\/p>\n\n\n\n<p>Durante a campanha, que acontecer\u00e1 desta ter\u00e7a-feira, 11 at\u00e9 o dia 12 de novembro, ser\u00e3o vacinados os animais acima de 4 meses de idade e que estejam saud\u00e1veis.<\/p>\n\n\n\n<p>Vale lembrar que os animais idosos e gestantes poder\u00e3o ser vacinados, desde que n\u00e3o estejam doentes.<\/p>\n\n\n\n<p>Confira a programa\u00e7\u00e3o desta semana abaixo.<\/p>\n\n\n\n<p>Fonte:  Lagartense <\/p>\n","protected":false},"excerpt":{"rendered":"<p>A prefeitura de Lagarto, atrav\u00e9s da secretaria municipal de sa\u00fade, deu inicio nesta ter\u00e7a-feira, 11, a Campanha de Vacina\u00e7\u00e3o Antirr\u00e1bica em c\u00e3es e gatos do munic\u00edpio. Durante a campanha, que acontecer\u00e1 desta ter\u00e7a-feira, 11 at\u00e9 o dia 12 de novembro, ser\u00e3o vacinados os animais acima de 4 meses de idade e que estejam saud\u00e1veis. Vale [&hellip;]<\/p>\n","protected":false},"author":6,"featured_media":2576,"comment_status":"open","ping_status":"open","sticky":false,"template":"","format":"standard","meta":{"footnotes":""},"categories":[10],"tags":[],"class_list":{"0":"post-2575","1":"post","2":"type-post","3":"status-publish","4":"format-standard","5":"has-post-thumbnail","7":"category-theme-features"},"_links":{"self":[{"href":"https:\/\/nordesteimprensa.com.br\/index.php\/wp-json\/wp\/v2\/posts\/2575","targetHints":{"allow":["GET"]}}],"collection":[{"href":"https:\/\/nordesteimprensa.com.br\/index.php\/wp-json\/wp\/v2\/posts"}],"about":[{"href":"https:\/\/nordesteimprensa.com.br\/index.php\/wp-json\/wp\/v2\/types\/post"}],"author":[{"embeddable":true,"href":"https:\/\/nordesteimprensa.com.br\/index.php\/wp-json\/wp\/v2\/users\/6"}],"replies":[{"embeddable":true,"href":"https:\/\/nordesteimprensa.com.br\/index.php\/wp-json\/wp\/v2\/comments?post=2575"}],"version-history":[{"count":1,"href":"https:\/\/nordesteimprensa.com.br\/index.php\/wp-json\/wp\/v2\/posts\/2575\/revisions"}],"predecessor-version":[{"id":2577,"href":"https:\/\/nordesteimprensa.com.br\/index.php\/wp-json\/wp\/v2\/posts\/2575\/revisions\/2577"}],"wp:featuredmedia":[{"embeddable":true,"href":"https:\/\/nordesteimprensa.com.br\/index.php\/wp-json\/wp\/v2\/media\/2576"}],"wp:attachment":[{"href":"https:\/\/nordesteimprensa.com.br\/index.php\/wp-json\/wp\/v2\/media?parent=2575"}],"wp:term":[{"taxonomy":"category","embeddable":true,"href":"https:\/\/nordesteimprensa.com.br\/index.php\/wp-json\/wp\/v2\/categories?post=2575"},{"taxonomy":"post_tag","embeddable":true,"href":"https:\/\/nordesteimprensa.com.br\/index.php\/wp-json\/wp\/v2\/tags?post=2575"}],"curies":[{"name":"wp","href":"https:\/\/api.w.org\/{rel}","templated":true}]}}