{"id":2581,"date":"2022-10-15T11:13:15","date_gmt":"2022-10-15T14:13:15","guid":{"rendered":"https:\/\/nordesteimprensa.com.br\/?p=2581"},"modified":"2022-10-15T11:13:46","modified_gmt":"2022-10-15T14:13:46","slug":"dhpp-prende-motorista-de-app-que-atirou-contra-passageiro-em-aracaju","status":"publish","type":"post","link":"https:\/\/nordesteimprensa.com.br\/index.php\/2022\/10\/15\/dhpp-prende-motorista-de-app-que-atirou-contra-passageiro-em-aracaju\/","title":{"rendered":"DHPP prende motorista de app que atirou contra passageiro em Aracaju"},"content":{"rendered":"\n<p>Policiais civis do Departamento de Homic\u00eddios e Prote\u00e7\u00e3o \u00e0 Pessoa (DHPP), com o apoio da Divis\u00e3o de Intelig\u00eancia (Dipol), deram cumprimento ao mandado de pris\u00e3o do motorista de aplicativo Edson Alves de Ara\u00fajo. Ele \u00e9 investigado por uma tentativa de homic\u00eddio contra um passageiro em agosto deste ano. A a\u00e7\u00e3o policial ocorreu na tarde da ter\u00e7a-feira, 11.<\/p>\n\n\n\n<p>Conforme a investiga\u00e7\u00e3o, na madrugada do dia 04 de agosto, o investigado atendeu a um chamado, via aplicativo, de um passageiro no bairro Aruana. Ap\u00f3s v\u00e1rias mudan\u00e7as de destinos, iniciou-se uma discuss\u00e3o entre ele e o passageiro, que parecia ter terminado no momento em que o condutor abandonou o cliente em via p\u00fablica no bairro Santa Maria.<\/p>\n\n\n\n<p>Por\u00e9m, o investigado foi para casa e pegou uma arma de fogo. Ele passou a buscar o passageiro at\u00e9 encontr\u00e1-lo quando estava chegando em casa. Nesse momento, o motorista de aplicativo aproximou-se da v\u00edtima e fez v\u00e1rios disparos em sua dire\u00e7\u00e3o, atingindo-a tr\u00eas vezes, duas delas no t\u00f3rax. A v\u00edtima foi socorrida e sobreviveu.<\/p>\n\n\n\n<p>Iniciada a investiga\u00e7\u00e3o, identificou-se que o suspeito havia fugido para a cidade de Feira de Santana (BA), mas voltando a residir no bairro Santa Maria, em Aracaju, meses ap\u00f3s a pr\u00e1tica do crime. Com a identifica\u00e7\u00e3o da localiza\u00e7\u00e3o do investigado, o DHPP deu cumprimento ao mandado de pris\u00e3o, no bairro 17 de Mar\u00e7o.<\/p>\n\n\n\n<p>Durante seu interrogat\u00f3rio, o suspeito confessou a pr\u00e1tica do crime e indicou que a arma de fogo utilizada estaria no munic\u00edpio de Feira de Santana (BA). Diante desse fato, o DHPP de Aracaju solicitou apoio ao Departamento de Homic\u00eddios de Feira de Santana, que conseguiu apreender a arma de fogo. O preso foi encaminhado para audi\u00eancia de cust\u00f3dia e o inqu\u00e9rito policial ser\u00e1 conclu\u00eddo no prazo legal.<\/p>\n\n\n\n<p>Fonte: SSP\/SE<\/p>\n","protected":false},"excerpt":{"rendered":"<p>Policiais civis do Departamento de Homic\u00eddios e Prote\u00e7\u00e3o \u00e0 Pessoa (DHPP), com o apoio da Divis\u00e3o de Intelig\u00eancia (Dipol), deram cumprimento ao mandado de pris\u00e3o do motorista de aplicativo Edson Alves de Ara\u00fajo. Ele \u00e9 investigado por uma tentativa de homic\u00eddio contra um passageiro em agosto deste ano. A a\u00e7\u00e3o policial ocorreu na tarde da [&hellip;]<\/p>\n","protected":false},"author":1,"featured_media":2582,"comment_status":"open","ping_status":"open","sticky":false,"template":"","format":"standard","meta":{"footnotes":""},"categories":[10],"tags":[],"class_list":{"0":"post-2581","1":"post","2":"type-post","3":"status-publish","4":"format-standard","5":"has-post-thumbnail","7":"category-theme-features"},"_links":{"self":[{"href":"https:\/\/nordesteimprensa.com.br\/index.php\/wp-json\/wp\/v2\/posts\/2581","targetHints":{"allow":["GET"]}}],"collection":[{"href":"https:\/\/nordesteimprensa.com.br\/index.php\/wp-json\/wp\/v2\/posts"}],"about":[{"href":"https:\/\/nordesteimprensa.com.br\/index.php\/wp-json\/wp\/v2\/types\/post"}],"author":[{"embeddable":true,"href":"https:\/\/nordesteimprensa.com.br\/index.php\/wp-json\/wp\/v2\/users\/1"}],"replies":[{"embeddable":true,"href":"https:\/\/nordesteimprensa.com.br\/index.php\/wp-json\/wp\/v2\/comments?post=2581"}],"version-history":[{"count":1,"href":"https:\/\/nordesteimprensa.com.br\/index.php\/wp-json\/wp\/v2\/posts\/2581\/revisions"}],"predecessor-version":[{"id":2583,"href":"https:\/\/nordesteimprensa.com.br\/index.php\/wp-json\/wp\/v2\/posts\/2581\/revisions\/2583"}],"wp:featuredmedia":[{"embeddable":true,"href":"https:\/\/nordesteimprensa.com.br\/index.php\/wp-json\/wp\/v2\/media\/2582"}],"wp:attachment":[{"href":"https:\/\/nordesteimprensa.com.br\/index.php\/wp-json\/wp\/v2\/media?parent=2581"}],"wp:term":[{"taxonomy":"category","embeddable":true,"href":"https:\/\/nordesteimprensa.com.br\/index.php\/wp-json\/wp\/v2\/categories?post=2581"},{"taxonomy":"post_tag","embeddable":true,"href":"https:\/\/nordesteimprensa.com.br\/index.php\/wp-json\/wp\/v2\/tags?post=2581"}],"curies":[{"name":"wp","href":"https:\/\/api.w.org\/{rel}","templated":true}]}}