{"id":2589,"date":"2022-10-17T11:03:15","date_gmt":"2022-10-17T14:03:15","guid":{"rendered":"https:\/\/nordesteimprensa.com.br\/?p=2589"},"modified":"2022-10-17T11:03:15","modified_gmt":"2022-10-17T14:03:15","slug":"mais-de-um-milhao-de-brasileiros-vao-receber-dinheiro-extra-do-abono-salarial-nesta-segunda-feira","status":"publish","type":"post","link":"https:\/\/nordesteimprensa.com.br\/index.php\/2022\/10\/17\/mais-de-um-milhao-de-brasileiros-vao-receber-dinheiro-extra-do-abono-salarial-nesta-segunda-feira\/","title":{"rendered":"Mais de um milh\u00e3o de brasileiros v\u00e3o receber dinheiro extra do abono salarial nesta segunda-feira\u00a0"},"content":{"rendered":"\n<p>Cerca de 1,1 milh\u00e3o de trabalhadores brasileiros v\u00e3o receber nesta segunda-feira (17), da Caixa Econ\u00f4mica Federal, um lote complementar do&nbsp;abono salarial PIS\/Pasep.&nbsp;O cr\u00e9dito ser\u00e1 feito diretamente na conta do trabalhador ou na Poupan\u00e7a Social Digital, aberta automaticamente em seu nome.<\/p>\n\n\n\n<p>Segundo a institui\u00e7\u00e3o, o pagamento abrange benef\u00edcios que foram objeto de revis\u00e3o de valor, que t\u00eam origem judicial ou que n\u00e3o foram retirados durante os calend\u00e1rios j\u00e1 encerrados dos exerc\u00edcios de 2016 a 2020.<\/p>\n\n\n\n<p>O abono \u00e9 de, no m\u00e1ximo, um sal\u00e1rio m\u00ednimo \u2014 R$ 1.212 \u2014 e dado de acordo com o n\u00famero de meses trabalhados no per\u00edodo.<\/p>\n\n\n\n<p>Caso n\u00e3o seja poss\u00edvel a abertura da conta digital, o saque poder\u00e1 ser feito com o Cart\u00e3o do Cidad\u00e3o e senha nos terminais de autoatendimento, unidades lot\u00e9ricas, Caixa Aqui ou ag\u00eancias.<\/p>\n\n\n\n<p>As parcelas n\u00e3o creditadas em conta ficar\u00e3o dispon\u00edveis para recebimento at\u00e9 o dia 29 de dezembro.<\/p>\n\n\n\n<h3 class=\"wp-block-heading\">Para receber o benef\u00edcio, o trabalhador precisa:<\/h3>\n\n\n\n<p>\u2022 Estar cadastrado no PIS h\u00e1 pelo menos cinco anos;<\/p>\n\n\n\n<p>\u2022 Ter recebido remunera\u00e7\u00e3o mensal m\u00e9dia de at\u00e9 dois sal\u00e1rios-m\u00ednimos durante<br>o ano-base;<\/p>\n\n\n\n<p>\u2022 Ter exercido atividade remunerada para Pessoa Jur\u00eddica, durante pelo menos<br>30 dias, consecutivos ou n\u00e3o, no ano-base considerado para apura\u00e7\u00e3o;<\/p>\n\n\n\n<p>\u2022 Ter seus dados informados pelo empregador (Pessoa Jur\u00eddica) corretamente<br>na Rela\u00e7\u00e3o Anual de Informa\u00e7\u00f5es Sociais (RAIS)\/eSocial.<\/p>\n\n\n\n<h3 class=\"wp-block-heading\">Onde consultar<\/h3>\n\n\n\n<p>Os trabalhadores podem acompanhar o pagamento do benef\u00edcio pelos aplicativos Caixa Tem e Caixa Trabalhador, al\u00e9m do Portal Cidad\u00e3o e Atendimento Caixa ao Cidad\u00e3o nos telefones 111 ou&nbsp;<a href=\"tel:0800 726 0207\">0800 726 0207<\/a>.<\/p>\n\n\n\n<p>D\u00favidas relacionadas ao processamento das informa\u00e7\u00f5es sociais do trabalhador (Rais\/eSocial), identifica\u00e7\u00e3o, concess\u00e3o, valor do benef\u00edcio e calend\u00e1rio de pagamentos podem ser esclarecidas nos canais do Minist\u00e9rio do Trabalho e Previd\u00eancia: Aplicativo Carteira de Trabalho Digital, Portal www.gov.br e telefone 158.<\/p>\n\n\n\n<p>Mais informa\u00e7\u00f5es sobre o abono salarial est\u00e3o dispon\u00edveis no&nbsp;<strong><a href=\"http:\/\/www.caixa.gov.br\/beneficios-trabalhador\/abono-salarial\/Paginas\/default.aspx\">site da Caixa<\/a><\/strong>.<\/p>\n\n\n\n<p>R7<\/p>\n","protected":false},"excerpt":{"rendered":"<p>Cerca de 1,1 milh\u00e3o de trabalhadores brasileiros v\u00e3o receber nesta segunda-feira (17), da Caixa Econ\u00f4mica Federal, um lote complementar do&nbsp;abono salarial PIS\/Pasep.&nbsp;O cr\u00e9dito ser\u00e1 feito diretamente na conta do trabalhador ou na Poupan\u00e7a Social Digital, aberta automaticamente em seu nome. Segundo a institui\u00e7\u00e3o, o pagamento abrange benef\u00edcios que foram objeto de revis\u00e3o de valor, que [&hellip;]<\/p>\n","protected":false},"author":1,"featured_media":2590,"comment_status":"open","ping_status":"open","sticky":false,"template":"","format":"standard","meta":{"footnotes":""},"categories":[10],"tags":[],"class_list":{"0":"post-2589","1":"post","2":"type-post","3":"status-publish","4":"format-standard","5":"has-post-thumbnail","7":"category-theme-features"},"_links":{"self":[{"href":"https:\/\/nordesteimprensa.com.br\/index.php\/wp-json\/wp\/v2\/posts\/2589","targetHints":{"allow":["GET"]}}],"collection":[{"href":"https:\/\/nordesteimprensa.com.br\/index.php\/wp-json\/wp\/v2\/posts"}],"about":[{"href":"https:\/\/nordesteimprensa.com.br\/index.php\/wp-json\/wp\/v2\/types\/post"}],"author":[{"embeddable":true,"href":"https:\/\/nordesteimprensa.com.br\/index.php\/wp-json\/wp\/v2\/users\/1"}],"replies":[{"embeddable":true,"href":"https:\/\/nordesteimprensa.com.br\/index.php\/wp-json\/wp\/v2\/comments?post=2589"}],"version-history":[{"count":1,"href":"https:\/\/nordesteimprensa.com.br\/index.php\/wp-json\/wp\/v2\/posts\/2589\/revisions"}],"predecessor-version":[{"id":2591,"href":"https:\/\/nordesteimprensa.com.br\/index.php\/wp-json\/wp\/v2\/posts\/2589\/revisions\/2591"}],"wp:featuredmedia":[{"embeddable":true,"href":"https:\/\/nordesteimprensa.com.br\/index.php\/wp-json\/wp\/v2\/media\/2590"}],"wp:attachment":[{"href":"https:\/\/nordesteimprensa.com.br\/index.php\/wp-json\/wp\/v2\/media?parent=2589"}],"wp:term":[{"taxonomy":"category","embeddable":true,"href":"https:\/\/nordesteimprensa.com.br\/index.php\/wp-json\/wp\/v2\/categories?post=2589"},{"taxonomy":"post_tag","embeddable":true,"href":"https:\/\/nordesteimprensa.com.br\/index.php\/wp-json\/wp\/v2\/tags?post=2589"}],"curies":[{"name":"wp","href":"https:\/\/api.w.org\/{rel}","templated":true}]}}