{"id":2693,"date":"2022-12-05T23:49:48","date_gmt":"2022-12-06T02:49:48","guid":{"rendered":"https:\/\/nordesteimprensa.com.br\/?p=2693"},"modified":"2022-12-05T23:49:49","modified_gmt":"2022-12-06T02:49:49","slug":"chuvas-deixaram-27-familias-desalojadas-e-7-desabrigadas-em-tobias-barreto","status":"publish","type":"post","link":"https:\/\/nordesteimprensa.com.br\/index.php\/2022\/12\/05\/chuvas-deixaram-27-familias-desalojadas-e-7-desabrigadas-em-tobias-barreto\/","title":{"rendered":"Chuvas deixaram 27 fam\u00edlias desalojadas e 7 desabrigadas em Tobias Barreto"},"content":{"rendered":"\n<p>Ap\u00f3s concluir os trabalhos do gabinete de crise, a Defesa Civil Estadual publicou o balan\u00e7o do impacto causado pelas fortes chuvas que ca\u00edram sobre o munic\u00edpio de Tobias Barreto, onde uma cratera se abriu, engoliu ve\u00edculos e ainda ceifou duas vidas.<\/p>\n\n\n\n<p>De acordo com \u00f3rg\u00e3o, os 164mm de chuvas que ca\u00edram sobre Tobias Barreto deixaram um saldo de 145 fam\u00edlias afetadas (431 pessoas); 26 fam\u00edlias desalojadas (73 pessoas); 7 fam\u00edlias desabrigadas (16 pessoas) acolhidas no Gin\u00e1sio do Sesi; 62 resid\u00eancias danificadas e 02 destru\u00eddas.<\/p>\n\n\n\n<p>Diante disso, foram distribu\u00eddas 214 cestas b\u00e1sicas (100 fornecidas pelo munic\u00edpio e 120 pelo Governo do Estado); 165 colch\u00f5es e 50 kits de higiene (fornecidos pelo Governo do Estado). \u201cO gabinete de crise solicitou, ainda, que a secretaria de Obras de Tobias Barreto realize a an\u00e1lise e corre\u00e7\u00e3o das casas danificadas; e decidiu que as duas fam\u00edlias que tiveram suas casas destru\u00eddas sejam inseridas no programa Aluguel Social do Munic\u00edpio\u201d, acrescentou a Defesa Civil.<\/p>\n\n\n\n<p>Al\u00e9m disso, cabe destacar que o Governo do Estado decretou, no \u00faltimo dia 30 de novembro, situa\u00e7\u00e3o de emerg\u00eancia tanto em Tobias Barreto quanto em Itabaianinha. O decreto de emerg\u00eancia possibilita a ado\u00e7\u00e3o de provid\u00eancias r\u00e1pidas e emergenciais pelos \u00f3rg\u00e3os competentes, para minimizar e reparar danos causados pelas chuvas intensas.<\/p>\n\n\n\n<p><strong>Demais munic\u00edpios<\/strong><\/p>\n\n\n\n<p>Outros munic\u00edpios tamb\u00e9m apresentaram ocorr\u00eancias, felizmente, de menor gravidade. J\u00e1 nas primeiras horas de chuvas, foi registrado alagamento tamb\u00e9m nos munic\u00edpios de Aquidab\u00e3, Laranjeiras, Lagarto, Macambira, Nossa Senhora das Dores, Nossa Senhora da Gl\u00f3ria e Sim\u00e3o Dias. Em Propri\u00e1, uma parte da cidade ficou sem energia el\u00e9trica. Tr\u00eas barragens verteram no munic\u00edpio de Graccho Cardoso e uma no munic\u00edpio de Cumbe. Em Capela, uma estrada vicinal foi interditada por conta do transbordamento do Rio Japaratuba. Os eventos v\u00eam sendo geridos pelas coordenadorias municipais de Defesa Civil, com o acompanhamento da Defesa Civil Estadual e apoio, quando necess\u00e1rio.<\/p>\n","protected":false},"excerpt":{"rendered":"<p>Ap\u00f3s concluir os trabalhos do gabinete de crise, a Defesa Civil Estadual publicou o balan\u00e7o do impacto causado pelas fortes chuvas que ca\u00edram sobre o munic\u00edpio de Tobias Barreto, onde uma cratera se abriu, engoliu ve\u00edculos e ainda ceifou duas vidas. De acordo com \u00f3rg\u00e3o, os 164mm de chuvas que ca\u00edram sobre Tobias Barreto deixaram [&hellip;]<\/p>\n","protected":false},"author":1,"featured_media":2694,"comment_status":"open","ping_status":"open","sticky":false,"template":"","format":"standard","meta":{"footnotes":""},"categories":[10],"tags":[],"class_list":{"0":"post-2693","1":"post","2":"type-post","3":"status-publish","4":"format-standard","5":"has-post-thumbnail","7":"category-theme-features"},"_links":{"self":[{"href":"https:\/\/nordesteimprensa.com.br\/index.php\/wp-json\/wp\/v2\/posts\/2693","targetHints":{"allow":["GET"]}}],"collection":[{"href":"https:\/\/nordesteimprensa.com.br\/index.php\/wp-json\/wp\/v2\/posts"}],"about":[{"href":"https:\/\/nordesteimprensa.com.br\/index.php\/wp-json\/wp\/v2\/types\/post"}],"author":[{"embeddable":true,"href":"https:\/\/nordesteimprensa.com.br\/index.php\/wp-json\/wp\/v2\/users\/1"}],"replies":[{"embeddable":true,"href":"https:\/\/nordesteimprensa.com.br\/index.php\/wp-json\/wp\/v2\/comments?post=2693"}],"version-history":[{"count":1,"href":"https:\/\/nordesteimprensa.com.br\/index.php\/wp-json\/wp\/v2\/posts\/2693\/revisions"}],"predecessor-version":[{"id":2695,"href":"https:\/\/nordesteimprensa.com.br\/index.php\/wp-json\/wp\/v2\/posts\/2693\/revisions\/2695"}],"wp:featuredmedia":[{"embeddable":true,"href":"https:\/\/nordesteimprensa.com.br\/index.php\/wp-json\/wp\/v2\/media\/2694"}],"wp:attachment":[{"href":"https:\/\/nordesteimprensa.com.br\/index.php\/wp-json\/wp\/v2\/media?parent=2693"}],"wp:term":[{"taxonomy":"category","embeddable":true,"href":"https:\/\/nordesteimprensa.com.br\/index.php\/wp-json\/wp\/v2\/categories?post=2693"},{"taxonomy":"post_tag","embeddable":true,"href":"https:\/\/nordesteimprensa.com.br\/index.php\/wp-json\/wp\/v2\/tags?post=2693"}],"curies":[{"name":"wp","href":"https:\/\/api.w.org\/{rel}","templated":true}]}}