{"id":2696,"date":"2022-12-05T23:50:48","date_gmt":"2022-12-06T02:50:48","guid":{"rendered":"https:\/\/nordesteimprensa.com.br\/?p=2696"},"modified":"2022-12-05T23:50:49","modified_gmt":"2022-12-06T02:50:49","slug":"idosa-de-boquim-morre-vitima-de-covid-19","status":"publish","type":"post","link":"https:\/\/nordesteimprensa.com.br\/index.php\/2022\/12\/05\/idosa-de-boquim-morre-vitima-de-covid-19\/","title":{"rendered":"Idosa de Boquim morre v\u00edtima de Covid-19"},"content":{"rendered":"\n<p>A Secretaria de Estado da Sa\u00fade, atrav\u00e9s do boletim epidemiol\u00f3gico, informou que no \u00faltimo domingo, 04, foram registrados 595 casos novos de Covid e dois \u00f3bitos. No total, 350.878 pessoas testaram positivo para a Covid e 6.455 morreram.<\/p>\n\n\n\n<p>Os \u00f3bitos confirmados foram: uma mulher, 97 anos, de Boquim, com hipertens\u00e3o, diabetes, Alzheimer; uma mulher, 98 anos, de Nossa Senhora do Socorro, ex-etilista e ex-tabagista.<\/p>\n\n\n\n<p>As \u00faltimas informa\u00e7\u00f5es sobre UTIs e enfermarias nas unidades de sa\u00fade de Sergipe apontam que h\u00e1 46 pessoas internadas na rede p\u00fablica e 53 pessoas na rede particular.<\/p>\n\n\n\n<p><strong>Vacina\u00e7\u00e3o<\/strong><\/p>\n\n\n\n<p>Foram enviadas aos munic\u00edpios 6.143.338 doses. No que se refere a imuniza\u00e7\u00e3o, 88,16% da popula\u00e7\u00e3o foi vacinada com a primeira dose e 81,37% com a segunda dose. Al\u00e9m disso, 61,70% foi vacinada com a primeira dose de refor\u00e7o (destinada a popula\u00e7\u00e3o maior de 12 anos) e 31,91% com a segunda dose de refor\u00e7o (para a popula\u00e7\u00e3o maior de 18 anos).<\/p>\n\n\n\n<p>Fonte: SES<\/p>\n","protected":false},"excerpt":{"rendered":"<p>A Secretaria de Estado da Sa\u00fade, atrav\u00e9s do boletim epidemiol\u00f3gico, informou que no \u00faltimo domingo, 04, foram registrados 595 casos novos de Covid e dois \u00f3bitos. No total, 350.878 pessoas testaram positivo para a Covid e 6.455 morreram. Os \u00f3bitos confirmados foram: uma mulher, 97 anos, de Boquim, com hipertens\u00e3o, diabetes, Alzheimer; uma mulher, 98 [&hellip;]<\/p>\n","protected":false},"author":1,"featured_media":2697,"comment_status":"open","ping_status":"open","sticky":false,"template":"","format":"standard","meta":{"footnotes":""},"categories":[10],"tags":[],"class_list":{"0":"post-2696","1":"post","2":"type-post","3":"status-publish","4":"format-standard","5":"has-post-thumbnail","7":"category-theme-features"},"_links":{"self":[{"href":"https:\/\/nordesteimprensa.com.br\/index.php\/wp-json\/wp\/v2\/posts\/2696","targetHints":{"allow":["GET"]}}],"collection":[{"href":"https:\/\/nordesteimprensa.com.br\/index.php\/wp-json\/wp\/v2\/posts"}],"about":[{"href":"https:\/\/nordesteimprensa.com.br\/index.php\/wp-json\/wp\/v2\/types\/post"}],"author":[{"embeddable":true,"href":"https:\/\/nordesteimprensa.com.br\/index.php\/wp-json\/wp\/v2\/users\/1"}],"replies":[{"embeddable":true,"href":"https:\/\/nordesteimprensa.com.br\/index.php\/wp-json\/wp\/v2\/comments?post=2696"}],"version-history":[{"count":1,"href":"https:\/\/nordesteimprensa.com.br\/index.php\/wp-json\/wp\/v2\/posts\/2696\/revisions"}],"predecessor-version":[{"id":2698,"href":"https:\/\/nordesteimprensa.com.br\/index.php\/wp-json\/wp\/v2\/posts\/2696\/revisions\/2698"}],"wp:featuredmedia":[{"embeddable":true,"href":"https:\/\/nordesteimprensa.com.br\/index.php\/wp-json\/wp\/v2\/media\/2697"}],"wp:attachment":[{"href":"https:\/\/nordesteimprensa.com.br\/index.php\/wp-json\/wp\/v2\/media?parent=2696"}],"wp:term":[{"taxonomy":"category","embeddable":true,"href":"https:\/\/nordesteimprensa.com.br\/index.php\/wp-json\/wp\/v2\/categories?post=2696"},{"taxonomy":"post_tag","embeddable":true,"href":"https:\/\/nordesteimprensa.com.br\/index.php\/wp-json\/wp\/v2\/tags?post=2696"}],"curies":[{"name":"wp","href":"https:\/\/api.w.org\/{rel}","templated":true}]}}