{"id":2700,"date":"2022-12-09T20:01:47","date_gmt":"2022-12-09T23:01:47","guid":{"rendered":"https:\/\/nordesteimprensa.com.br\/?p=2700"},"modified":"2022-12-09T20:01:47","modified_gmt":"2022-12-09T23:01:47","slug":"integrante-de-organizacao-criminosa-de-pernambuco-e-presa-em-sergipe","status":"publish","type":"post","link":"https:\/\/nordesteimprensa.com.br\/index.php\/2022\/12\/09\/integrante-de-organizacao-criminosa-de-pernambuco-e-presa-em-sergipe\/","title":{"rendered":"Integrante de organiza\u00e7\u00e3o criminosa de Pernambuco \u00e9 presa em Sergipe"},"content":{"rendered":"\n<p>Policiais civis do Centro de Opera\u00e7\u00f5es Policiais Especiais (Cope) deram cumprimento ao mandado de pris\u00e3o de Bonnyerck Yaskra Ara\u00fajo de Siqueira, conhecida como \u201cBia\u201d, 37. Ela \u00e9 apontada como integrante de um grupo criminoso com atua\u00e7\u00e3o em v\u00e1rios estados. A a\u00e7\u00e3o policial ocorreu na \u00faltima quarta-feira, 7.<\/p>\n\n\n\n<p>A pris\u00e3o da investigada ocorreu em Aracaju, durante a Opera\u00e7\u00e3o Olho da Provid\u00eancia, deflagrada pela Pol\u00edcia Civil de Pernambuco. \u201cA mulher \u00e9 investigada por participar de uma organiza\u00e7\u00e3o criminosa baseada em Floresta\/PE\u201d, acrescentou a SSP\/SE.<\/p>\n\n\n\n<p>A pasta tamb\u00e9m informou que as a\u00e7\u00f5es policiais tiveram como alvo grupo que atuava no tr\u00e1fico de drogas e lavagem de dinheiro n\u00e3o s\u00f3 em Pernambuco, mas tamb\u00e9m em outros 10 estados do Brasil.<\/p>\n\n\n\n<p>A investigada se encontra \u00e0 disposi\u00e7\u00e3o da Justi\u00e7a pernambucana para os demais procedimentos cab\u00edveis.<\/p>\n","protected":false},"excerpt":{"rendered":"<p>Policiais civis do Centro de Opera\u00e7\u00f5es Policiais Especiais (Cope) deram cumprimento ao mandado de pris\u00e3o de Bonnyerck Yaskra Ara\u00fajo de Siqueira, conhecida como \u201cBia\u201d, 37. Ela \u00e9 apontada como integrante de um grupo criminoso com atua\u00e7\u00e3o em v\u00e1rios estados. A a\u00e7\u00e3o policial ocorreu na \u00faltima quarta-feira, 7. A pris\u00e3o da investigada ocorreu em Aracaju, durante [&hellip;]<\/p>\n","protected":false},"author":1,"featured_media":2701,"comment_status":"open","ping_status":"open","sticky":false,"template":"","format":"standard","meta":{"footnotes":""},"categories":[10],"tags":[],"class_list":{"0":"post-2700","1":"post","2":"type-post","3":"status-publish","4":"format-standard","5":"has-post-thumbnail","7":"category-theme-features"},"_links":{"self":[{"href":"https:\/\/nordesteimprensa.com.br\/index.php\/wp-json\/wp\/v2\/posts\/2700","targetHints":{"allow":["GET"]}}],"collection":[{"href":"https:\/\/nordesteimprensa.com.br\/index.php\/wp-json\/wp\/v2\/posts"}],"about":[{"href":"https:\/\/nordesteimprensa.com.br\/index.php\/wp-json\/wp\/v2\/types\/post"}],"author":[{"embeddable":true,"href":"https:\/\/nordesteimprensa.com.br\/index.php\/wp-json\/wp\/v2\/users\/1"}],"replies":[{"embeddable":true,"href":"https:\/\/nordesteimprensa.com.br\/index.php\/wp-json\/wp\/v2\/comments?post=2700"}],"version-history":[{"count":1,"href":"https:\/\/nordesteimprensa.com.br\/index.php\/wp-json\/wp\/v2\/posts\/2700\/revisions"}],"predecessor-version":[{"id":2702,"href":"https:\/\/nordesteimprensa.com.br\/index.php\/wp-json\/wp\/v2\/posts\/2700\/revisions\/2702"}],"wp:featuredmedia":[{"embeddable":true,"href":"https:\/\/nordesteimprensa.com.br\/index.php\/wp-json\/wp\/v2\/media\/2701"}],"wp:attachment":[{"href":"https:\/\/nordesteimprensa.com.br\/index.php\/wp-json\/wp\/v2\/media?parent=2700"}],"wp:term":[{"taxonomy":"category","embeddable":true,"href":"https:\/\/nordesteimprensa.com.br\/index.php\/wp-json\/wp\/v2\/categories?post=2700"},{"taxonomy":"post_tag","embeddable":true,"href":"https:\/\/nordesteimprensa.com.br\/index.php\/wp-json\/wp\/v2\/tags?post=2700"}],"curies":[{"name":"wp","href":"https:\/\/api.w.org\/{rel}","templated":true}]}}