{"id":2727,"date":"2023-01-02T07:57:29","date_gmt":"2023-01-02T10:57:29","guid":{"rendered":"https:\/\/nordesteimprensa.com.br\/?p=2727"},"modified":"2023-01-02T07:57:30","modified_gmt":"2023-01-02T10:57:30","slug":"confira-o-que-funciona-neste-domingo-1o-de-janeiro","status":"publish","type":"post","link":"https:\/\/nordesteimprensa.com.br\/index.php\/2023\/01\/02\/confira-o-que-funciona-neste-domingo-1o-de-janeiro\/","title":{"rendered":"Confira o que funciona neste domingo, 1\u00ba de janeiro\u00a0"},"content":{"rendered":"\n<p>O feriado da Confraterniza\u00e7\u00e3o Universal, celebrado neste domingo, 1\u00ba de janeiro, provoca altera\u00e7\u00f5es no funcionamento de estabelecimentos comerciais e servi\u00e7os p\u00fablicos. Confira as mudan\u00e7as:<\/p>\n\n\n\n<p><strong>Shoppings<\/strong><\/p>\n\n\n\n<p>Riomar \u2013 No dia 1\u00ba de janeiro, kojas, quiosques, pra\u00e7as de alimenta\u00e7\u00e3o e opera\u00e7\u00f5es de lazer estar\u00e3o fechados.<\/p>\n\n\n\n<p>Jardins \u2013 As pra\u00e7as de alimenta\u00e7\u00e3o e opera\u00e7\u00f5es de lazer funcionar\u00e3o das 12h \u00e0s 21h; demais lojas e quiosques estar\u00e3o fechados; Supermercado, cl\u00ednica e cinema funcionam conforme programa\u00e7\u00e3o de suas respectivas redes.<\/p>\n\n\n\n<p>Aracaju Parque Shopping \u2013 No dia 1\u00ba de janeiro, n\u00e3o haver\u00e1 funcionamento.<\/p>\n\n\n\n<p><strong>Parques e Orlas<\/strong><\/p>\n\n\n\n<p>Os parques Governador Augusto Franco (Sementeira) e Ecol\u00f3gico Poxim abrir\u00e3o em hor\u00e1rio normal, das 5h \u00e0s 21h30, e das 6h \u00e0s 18h, respectivamente.<\/p>\n\n\n\n<p>Os servi\u00e7os de embarque e desembarque na Orla P\u00f4r do Sol (Mosqueiro) ocorrer\u00e3o sem qualquer altera\u00e7\u00e3o, das 8h \u00e0s 17h.<\/p>\n","protected":false},"excerpt":{"rendered":"<p>O feriado da Confraterniza\u00e7\u00e3o Universal, celebrado neste domingo, 1\u00ba de janeiro, provoca altera\u00e7\u00f5es no funcionamento de estabelecimentos comerciais e servi\u00e7os p\u00fablicos. Confira as mudan\u00e7as: Shoppings Riomar \u2013 No dia 1\u00ba de janeiro, kojas, quiosques, pra\u00e7as de alimenta\u00e7\u00e3o e opera\u00e7\u00f5es de lazer estar\u00e3o fechados. Jardins \u2013 As pra\u00e7as de alimenta\u00e7\u00e3o e opera\u00e7\u00f5es de lazer funcionar\u00e3o das [&hellip;]<\/p>\n","protected":false},"author":1,"featured_media":2728,"comment_status":"open","ping_status":"open","sticky":false,"template":"","format":"standard","meta":{"footnotes":""},"categories":[10],"tags":[],"class_list":{"0":"post-2727","1":"post","2":"type-post","3":"status-publish","4":"format-standard","5":"has-post-thumbnail","7":"category-theme-features"},"_links":{"self":[{"href":"https:\/\/nordesteimprensa.com.br\/index.php\/wp-json\/wp\/v2\/posts\/2727","targetHints":{"allow":["GET"]}}],"collection":[{"href":"https:\/\/nordesteimprensa.com.br\/index.php\/wp-json\/wp\/v2\/posts"}],"about":[{"href":"https:\/\/nordesteimprensa.com.br\/index.php\/wp-json\/wp\/v2\/types\/post"}],"author":[{"embeddable":true,"href":"https:\/\/nordesteimprensa.com.br\/index.php\/wp-json\/wp\/v2\/users\/1"}],"replies":[{"embeddable":true,"href":"https:\/\/nordesteimprensa.com.br\/index.php\/wp-json\/wp\/v2\/comments?post=2727"}],"version-history":[{"count":1,"href":"https:\/\/nordesteimprensa.com.br\/index.php\/wp-json\/wp\/v2\/posts\/2727\/revisions"}],"predecessor-version":[{"id":2729,"href":"https:\/\/nordesteimprensa.com.br\/index.php\/wp-json\/wp\/v2\/posts\/2727\/revisions\/2729"}],"wp:featuredmedia":[{"embeddable":true,"href":"https:\/\/nordesteimprensa.com.br\/index.php\/wp-json\/wp\/v2\/media\/2728"}],"wp:attachment":[{"href":"https:\/\/nordesteimprensa.com.br\/index.php\/wp-json\/wp\/v2\/media?parent=2727"}],"wp:term":[{"taxonomy":"category","embeddable":true,"href":"https:\/\/nordesteimprensa.com.br\/index.php\/wp-json\/wp\/v2\/categories?post=2727"},{"taxonomy":"post_tag","embeddable":true,"href":"https:\/\/nordesteimprensa.com.br\/index.php\/wp-json\/wp\/v2\/tags?post=2727"}],"curies":[{"name":"wp","href":"https:\/\/api.w.org\/{rel}","templated":true}]}}