{"id":2756,"date":"2023-02-02T12:41:02","date_gmt":"2023-02-02T15:41:02","guid":{"rendered":"https:\/\/nordesteimprensa.com.br\/?p=2756"},"modified":"2023-02-02T12:41:03","modified_gmt":"2023-02-02T15:41:03","slug":"homem-morre-apos-veiculo-bater-em-muro-de-igreja","status":"publish","type":"post","link":"https:\/\/nordesteimprensa.com.br\/index.php\/2023\/02\/02\/homem-morre-apos-veiculo-bater-em-muro-de-igreja\/","title":{"rendered":"Homem morre ap\u00f3s ve\u00edculo bater em muro de igreja"},"content":{"rendered":"\n<p>Na \u00faltima quarta-feira, 01, um homem morreu, ap\u00f3s o ve\u00edculo que ele dirigia bater no muro de uma igreja no munic\u00edpio de Graccho Cardoso.<\/p>\n\n\n\n<p>Segundo o Corpo de Bombeiros, a v\u00edtima n\u00e3o resistiu aos ferimentos e morreu no local.<\/p>\n\n\n\n<p>O Instituto M\u00e9dico Legal informou que foi acionado para buscar o corpo.<\/p>\n\n\n\n<p>Fonte: G1 SE<\/p>\n","protected":false},"excerpt":{"rendered":"<p>Na \u00faltima quarta-feira, 01, um homem morreu, ap\u00f3s o ve\u00edculo que ele dirigia bater no muro de uma igreja no munic\u00edpio de Graccho Cardoso. Segundo o Corpo de Bombeiros, a v\u00edtima n\u00e3o resistiu aos ferimentos e morreu no local. O Instituto M\u00e9dico Legal informou que foi acionado para buscar o corpo. Fonte: G1 SE<\/p>\n","protected":false},"author":1,"featured_media":2757,"comment_status":"open","ping_status":"open","sticky":false,"template":"","format":"standard","meta":{"footnotes":""},"categories":[10],"tags":[],"class_list":{"0":"post-2756","1":"post","2":"type-post","3":"status-publish","4":"format-standard","5":"has-post-thumbnail","7":"category-theme-features"},"_links":{"self":[{"href":"https:\/\/nordesteimprensa.com.br\/index.php\/wp-json\/wp\/v2\/posts\/2756","targetHints":{"allow":["GET"]}}],"collection":[{"href":"https:\/\/nordesteimprensa.com.br\/index.php\/wp-json\/wp\/v2\/posts"}],"about":[{"href":"https:\/\/nordesteimprensa.com.br\/index.php\/wp-json\/wp\/v2\/types\/post"}],"author":[{"embeddable":true,"href":"https:\/\/nordesteimprensa.com.br\/index.php\/wp-json\/wp\/v2\/users\/1"}],"replies":[{"embeddable":true,"href":"https:\/\/nordesteimprensa.com.br\/index.php\/wp-json\/wp\/v2\/comments?post=2756"}],"version-history":[{"count":1,"href":"https:\/\/nordesteimprensa.com.br\/index.php\/wp-json\/wp\/v2\/posts\/2756\/revisions"}],"predecessor-version":[{"id":2758,"href":"https:\/\/nordesteimprensa.com.br\/index.php\/wp-json\/wp\/v2\/posts\/2756\/revisions\/2758"}],"wp:featuredmedia":[{"embeddable":true,"href":"https:\/\/nordesteimprensa.com.br\/index.php\/wp-json\/wp\/v2\/media\/2757"}],"wp:attachment":[{"href":"https:\/\/nordesteimprensa.com.br\/index.php\/wp-json\/wp\/v2\/media?parent=2756"}],"wp:term":[{"taxonomy":"category","embeddable":true,"href":"https:\/\/nordesteimprensa.com.br\/index.php\/wp-json\/wp\/v2\/categories?post=2756"},{"taxonomy":"post_tag","embeddable":true,"href":"https:\/\/nordesteimprensa.com.br\/index.php\/wp-json\/wp\/v2\/tags?post=2756"}],"curies":[{"name":"wp","href":"https:\/\/api.w.org\/{rel}","templated":true}]}}