{"id":2790,"date":"2023-02-08T13:44:18","date_gmt":"2023-02-08T16:44:18","guid":{"rendered":"https:\/\/nordesteimprensa.com.br\/?p=2790"},"modified":"2023-02-08T13:44:18","modified_gmt":"2023-02-08T16:44:18","slug":"tres-suspeitos-de-matar-policial-da-reserva-morrem-em-confronto","status":"publish","type":"post","link":"https:\/\/nordesteimprensa.com.br\/index.php\/2023\/02\/08\/tres-suspeitos-de-matar-policial-da-reserva-morrem-em-confronto\/","title":{"rendered":"Tr\u00eas suspeitos de matar policial da reserva morrem em confronto"},"content":{"rendered":"\n<p>Uma opera\u00e7\u00e3o conjunta do Centro de Opera\u00e7\u00f5es Policiais Especiais (Cope) e do Comando do Policiamento Militar Especializado (CPME) localizou tr\u00eas envolvidos na morte do policial militar da reserva remunerada Jo\u00e3o Pereira da Costa, em Nossa Senhora do Socorro. Os suspeitos morreram em confronto. A a\u00e7\u00e3o policial ocorreu na \u00faltima ter\u00e7a-feira, 7.<\/p>\n\n\n\n<p>De acordo com o delegado Alison Lial, a a\u00e7\u00e3o criminosa foi feita por cinco homens que moravam no loteamento Santa Terezinha, em Nossa Senhora do Socorro. \u201cA v\u00edtima teve sua propriedade invadida, houve a subtra\u00e7\u00e3o de objetos e o espancamento da v\u00edtima, o policial militar da reserva\u201d, detalhou.<\/p>\n\n\n\n<p>A v\u00edtima chegou a ser socorrida para o Hospital de Urg\u00eancia de Sergipe (Huse), mas n\u00e3o resistiu e morreu. \u201cO crime foi praticado com requintes de crueldade e sobrepujando a honra da v\u00edtima\u201d, acrescentou o delegado.<\/p>\n\n\n\n<p>Nas dilig\u00eancias investigativas, conforme o delegado, no momento em que as equipes se aproximavam da localidade investigada, alguns homens fugiram. \u201cTendo outros de posse de arma de fogo atirado nas guarni\u00e7\u00f5es, as quais realizaram justo revide, havendo o confronto policial\u201d, informou.<\/p>\n\n\n\n<p>As investiga\u00e7\u00f5es seguem sendo conduzidas pelo Cope. Informa\u00e7\u00f5es e den\u00fancias podem ser repassadas ao Disque-Den\u00fancia no telefone 181.<\/p>\n\n\n\n<p>Fonte: SSP\/SE<\/p>\n","protected":false},"excerpt":{"rendered":"<p>Uma opera\u00e7\u00e3o conjunta do Centro de Opera\u00e7\u00f5es Policiais Especiais (Cope) e do Comando do Policiamento Militar Especializado (CPME) localizou tr\u00eas envolvidos na morte do policial militar da reserva remunerada Jo\u00e3o Pereira da Costa, em Nossa Senhora do Socorro. Os suspeitos morreram em confronto. A a\u00e7\u00e3o policial ocorreu na \u00faltima ter\u00e7a-feira, 7. De acordo com o [&hellip;]<\/p>\n","protected":false},"author":1,"featured_media":2791,"comment_status":"open","ping_status":"open","sticky":false,"template":"","format":"standard","meta":{"footnotes":""},"categories":[10],"tags":[],"class_list":{"0":"post-2790","1":"post","2":"type-post","3":"status-publish","4":"format-standard","5":"has-post-thumbnail","7":"category-theme-features"},"_links":{"self":[{"href":"https:\/\/nordesteimprensa.com.br\/index.php\/wp-json\/wp\/v2\/posts\/2790","targetHints":{"allow":["GET"]}}],"collection":[{"href":"https:\/\/nordesteimprensa.com.br\/index.php\/wp-json\/wp\/v2\/posts"}],"about":[{"href":"https:\/\/nordesteimprensa.com.br\/index.php\/wp-json\/wp\/v2\/types\/post"}],"author":[{"embeddable":true,"href":"https:\/\/nordesteimprensa.com.br\/index.php\/wp-json\/wp\/v2\/users\/1"}],"replies":[{"embeddable":true,"href":"https:\/\/nordesteimprensa.com.br\/index.php\/wp-json\/wp\/v2\/comments?post=2790"}],"version-history":[{"count":1,"href":"https:\/\/nordesteimprensa.com.br\/index.php\/wp-json\/wp\/v2\/posts\/2790\/revisions"}],"predecessor-version":[{"id":2792,"href":"https:\/\/nordesteimprensa.com.br\/index.php\/wp-json\/wp\/v2\/posts\/2790\/revisions\/2792"}],"wp:featuredmedia":[{"embeddable":true,"href":"https:\/\/nordesteimprensa.com.br\/index.php\/wp-json\/wp\/v2\/media\/2791"}],"wp:attachment":[{"href":"https:\/\/nordesteimprensa.com.br\/index.php\/wp-json\/wp\/v2\/media?parent=2790"}],"wp:term":[{"taxonomy":"category","embeddable":true,"href":"https:\/\/nordesteimprensa.com.br\/index.php\/wp-json\/wp\/v2\/categories?post=2790"},{"taxonomy":"post_tag","embeddable":true,"href":"https:\/\/nordesteimprensa.com.br\/index.php\/wp-json\/wp\/v2\/tags?post=2790"}],"curies":[{"name":"wp","href":"https:\/\/api.w.org\/{rel}","templated":true}]}}