{"id":2795,"date":"2023-02-16T17:25:51","date_gmt":"2023-02-16T20:25:51","guid":{"rendered":"https:\/\/nordesteimprensa.com.br\/?p=2795"},"modified":"2023-02-16T17:25:52","modified_gmt":"2023-02-16T20:25:52","slug":"condenado-por-estupro-de-vulneravel-e-preso-em-paripiranga","status":"publish","type":"post","link":"https:\/\/nordesteimprensa.com.br\/index.php\/2023\/02\/16\/condenado-por-estupro-de-vulneravel-e-preso-em-paripiranga\/","title":{"rendered":"Condenado por estupro de vulner\u00e1vel \u00e9 preso em Paripiranga"},"content":{"rendered":"\n<p>Como resultado da troca de informa\u00e7\u00f5es entre as pol\u00edcias de Sergipe e Bahia, na \u00faltima quarta-feira, 15, na cidade de Paripiranga (BA), foi preso um homem condenado pela Justi\u00e7a por crime de estupro de vulner\u00e1vel. Ele foi condenado a uma pena de oito anos e um m\u00eas a ser cumprida em regime fechado.<\/p>\n\n\n\n<p>De acordo com a Secretaria de Estado da Seguran\u00e7a P\u00fablica de Sergipe (SSP\/SE), ele foi encontrado a partir de den\u00fancias an\u00f4nimas e buscas feitas pela pol\u00edcia. \u201cAp\u00f3s conhecimento da localiza\u00e7\u00e3o exata do foragido, foram deslocados policiais civis e militares de Sergipe at\u00e9 a cidade baiana onde, juntamente com a Policial Civil da Bahia, foi feita a pris\u00e3o do foragido da Justi\u00e7a\u201d, relatou.<\/p>\n\n\n\n<p>Ap\u00f3s o ocorrido, a Pol\u00edcia Civil destacou que informa\u00e7\u00f5es e den\u00fancias sobre crimes e suspeitos de a\u00e7\u00f5es criminosas sejam repassadas \u00e0 pol\u00edcia por meio do Disque-Den\u00fancia no telefone 181. O sigilo \u00e9 garantido. <\/p>\n\n\n\n<p>Fonte: Lagartense <\/p>\n","protected":false},"excerpt":{"rendered":"<p>Como resultado da troca de informa\u00e7\u00f5es entre as pol\u00edcias de Sergipe e Bahia, na \u00faltima quarta-feira, 15, na cidade de Paripiranga (BA), foi preso um homem condenado pela Justi\u00e7a por crime de estupro de vulner\u00e1vel. Ele foi condenado a uma pena de oito anos e um m\u00eas a ser cumprida em regime fechado. De acordo [&hellip;]<\/p>\n","protected":false},"author":1,"featured_media":2796,"comment_status":"open","ping_status":"open","sticky":false,"template":"","format":"standard","meta":{"footnotes":""},"categories":[10],"tags":[],"class_list":{"0":"post-2795","1":"post","2":"type-post","3":"status-publish","4":"format-standard","5":"has-post-thumbnail","7":"category-theme-features"},"_links":{"self":[{"href":"https:\/\/nordesteimprensa.com.br\/index.php\/wp-json\/wp\/v2\/posts\/2795","targetHints":{"allow":["GET"]}}],"collection":[{"href":"https:\/\/nordesteimprensa.com.br\/index.php\/wp-json\/wp\/v2\/posts"}],"about":[{"href":"https:\/\/nordesteimprensa.com.br\/index.php\/wp-json\/wp\/v2\/types\/post"}],"author":[{"embeddable":true,"href":"https:\/\/nordesteimprensa.com.br\/index.php\/wp-json\/wp\/v2\/users\/1"}],"replies":[{"embeddable":true,"href":"https:\/\/nordesteimprensa.com.br\/index.php\/wp-json\/wp\/v2\/comments?post=2795"}],"version-history":[{"count":1,"href":"https:\/\/nordesteimprensa.com.br\/index.php\/wp-json\/wp\/v2\/posts\/2795\/revisions"}],"predecessor-version":[{"id":2797,"href":"https:\/\/nordesteimprensa.com.br\/index.php\/wp-json\/wp\/v2\/posts\/2795\/revisions\/2797"}],"wp:featuredmedia":[{"embeddable":true,"href":"https:\/\/nordesteimprensa.com.br\/index.php\/wp-json\/wp\/v2\/media\/2796"}],"wp:attachment":[{"href":"https:\/\/nordesteimprensa.com.br\/index.php\/wp-json\/wp\/v2\/media?parent=2795"}],"wp:term":[{"taxonomy":"category","embeddable":true,"href":"https:\/\/nordesteimprensa.com.br\/index.php\/wp-json\/wp\/v2\/categories?post=2795"},{"taxonomy":"post_tag","embeddable":true,"href":"https:\/\/nordesteimprensa.com.br\/index.php\/wp-json\/wp\/v2\/tags?post=2795"}],"curies":[{"name":"wp","href":"https:\/\/api.w.org\/{rel}","templated":true}]}}