{"id":2798,"date":"2023-02-16T17:28:03","date_gmt":"2023-02-16T20:28:03","guid":{"rendered":"https:\/\/nordesteimprensa.com.br\/?p=2798"},"modified":"2023-02-16T17:28:04","modified_gmt":"2023-02-16T20:28:04","slug":"seduc-divulga-resultado-do-pre-universitario","status":"publish","type":"post","link":"https:\/\/nordesteimprensa.com.br\/index.php\/2023\/02\/16\/seduc-divulga-resultado-do-pre-universitario\/","title":{"rendered":"\u00a0Seduc divulga resultado do Pr\u00e9-Universit\u00e1rio"},"content":{"rendered":"\n<p>O Governo de Sergipe, atrav\u00e9s da Secretaria de Estado da Educa\u00e7\u00e3o e da Cultura (Seduc), divulgou o resultado do preenchimento de vagas do programa Pr\u00e9-Universit\u00e1rio Seduc 2023. S\u00e3o 5 mil vagas dispon\u00edveis em 50 polos em 33 munic\u00edpios sergipanos. O resultado dos classificados e excedentes pode ser acessado no Portal da Seduc (<a href=\"http:\/\/www.seduc.se.gov.br\/\" target=\"_blank\" rel=\"noreferrer noopener\">www.seduc.se.gov.br<\/a>).<\/p>\n\n\n\n<p>Foram inscritos 9.856 candidatos entre eles egressos da rede p\u00fablica, estudantes concludentes do Ensino M\u00e9dio da rede p\u00fablica no letivo de 2023, candidatos a partir de 18 anos que n\u00e3o conclu\u00edram o Ensino M\u00e9dio, mas que est\u00e3o inscritos no Exame Nacional para Certifica\u00e7\u00e3o de Compet\u00eancias de Jovens e Adultos (Encceja Ensino M\u00e9dio) 2023.<\/p>\n\n\n\n<p>\u201cDesejamos boas-vindas aos estudantes aprovados neste processo. Este ser\u00e1 mais um ano exitoso com um calend\u00e1rio adequado para que os alunos da Rede P\u00fablica de Sergipe se preparem para o Enem 2023. Nossas equipes de todos os polos est\u00e3o de bra\u00e7os abertos para acolher a todos e preparar para t\u00e3o sonhada entrada no ensino superior\u201d, comemora Gisele P\u00e1dua, coordenadora do programa Pr\u00e9-Universit\u00e1rio da Seduc.<\/p>\n\n\n\n<p>As matr\u00edculas s\u00e3o presenciais no local de funcionamento dos 50 polos nos dias 16, 23 e 24 de fevereiro. O hor\u00e1rio e o endere\u00e7o de cada polo podem ser consultados no edital, dispon\u00edvel na aba \u2018Editais e Sele\u00e7\u00f5es\u2019 no Portal da Seduc. O in\u00edcio das aulas acontece no pr\u00f3ximo dia 27 de fevereiro.<\/p>\n\n\n\n<p>No ato da matr\u00edcula, os classificados dever\u00e3o apresentar os documentos originais f\u00edsicos ou digitais. S\u00e3o eles: carteira de identidade (e-t\u00edtulo, CNH digital ou RG digital), CPF, Comprovante de Resid\u00eancia, Declara\u00e7\u00e3o emitida por unidade escolar da rede p\u00fablica comprovando a matr\u00edcula na 3\u00ba s\u00e9rie do ensino m\u00e9dio no ano corrente ou atestado que o candidato concluiu o ensino m\u00e9dio, ou conclus\u00e3o do ensino fundamental e comprovante de inscri\u00e7\u00e3o no Encceja.<\/p>\n\n\n\n<p>O programa Pr\u00e9-Universit\u00e1rio da Seduc \u00e9 considerado o maior curso preparat\u00f3rio do Brasil e o que mais aprova no ensino superior do Estado, nos diversos cursos e nas institui\u00e7\u00f5es p\u00fablicas e privadas do pa\u00eds. Em 2021, o Pr\u00e9 aprovou 1.779 alunos no ensino superior. Em 2022, o sucesso em aprova\u00e7\u00e3o continuou com a aprova\u00e7\u00e3o de 1.589 alunos.<\/p>\n","protected":false},"excerpt":{"rendered":"<p>O Governo de Sergipe, atrav\u00e9s da Secretaria de Estado da Educa\u00e7\u00e3o e da Cultura (Seduc), divulgou o resultado do preenchimento de vagas do programa Pr\u00e9-Universit\u00e1rio Seduc 2023. S\u00e3o 5 mil vagas dispon\u00edveis em 50 polos em 33 munic\u00edpios sergipanos. O resultado dos classificados e excedentes pode ser acessado no Portal da Seduc (www.seduc.se.gov.br). Foram inscritos [&hellip;]<\/p>\n","protected":false},"author":1,"featured_media":2799,"comment_status":"open","ping_status":"open","sticky":false,"template":"","format":"standard","meta":{"footnotes":""},"categories":[10],"tags":[],"class_list":{"0":"post-2798","1":"post","2":"type-post","3":"status-publish","4":"format-standard","5":"has-post-thumbnail","7":"category-theme-features"},"_links":{"self":[{"href":"https:\/\/nordesteimprensa.com.br\/index.php\/wp-json\/wp\/v2\/posts\/2798","targetHints":{"allow":["GET"]}}],"collection":[{"href":"https:\/\/nordesteimprensa.com.br\/index.php\/wp-json\/wp\/v2\/posts"}],"about":[{"href":"https:\/\/nordesteimprensa.com.br\/index.php\/wp-json\/wp\/v2\/types\/post"}],"author":[{"embeddable":true,"href":"https:\/\/nordesteimprensa.com.br\/index.php\/wp-json\/wp\/v2\/users\/1"}],"replies":[{"embeddable":true,"href":"https:\/\/nordesteimprensa.com.br\/index.php\/wp-json\/wp\/v2\/comments?post=2798"}],"version-history":[{"count":1,"href":"https:\/\/nordesteimprensa.com.br\/index.php\/wp-json\/wp\/v2\/posts\/2798\/revisions"}],"predecessor-version":[{"id":2800,"href":"https:\/\/nordesteimprensa.com.br\/index.php\/wp-json\/wp\/v2\/posts\/2798\/revisions\/2800"}],"wp:featuredmedia":[{"embeddable":true,"href":"https:\/\/nordesteimprensa.com.br\/index.php\/wp-json\/wp\/v2\/media\/2799"}],"wp:attachment":[{"href":"https:\/\/nordesteimprensa.com.br\/index.php\/wp-json\/wp\/v2\/media?parent=2798"}],"wp:term":[{"taxonomy":"category","embeddable":true,"href":"https:\/\/nordesteimprensa.com.br\/index.php\/wp-json\/wp\/v2\/categories?post=2798"},{"taxonomy":"post_tag","embeddable":true,"href":"https:\/\/nordesteimprensa.com.br\/index.php\/wp-json\/wp\/v2\/tags?post=2798"}],"curies":[{"name":"wp","href":"https:\/\/api.w.org\/{rel}","templated":true}]}}