{"id":2801,"date":"2023-02-16T17:29:27","date_gmt":"2023-02-16T20:29:27","guid":{"rendered":"https:\/\/nordesteimprensa.com.br\/?p=2801"},"modified":"2023-02-16T17:29:28","modified_gmt":"2023-02-16T20:29:28","slug":"policia-civil-recupera-carga-avaliada-em-r-30-mil-produtos-foram-comprados-de-forma-fraudulenta","status":"publish","type":"post","link":"https:\/\/nordesteimprensa.com.br\/index.php\/2023\/02\/16\/policia-civil-recupera-carga-avaliada-em-r-30-mil-produtos-foram-comprados-de-forma-fraudulenta\/","title":{"rendered":"Pol\u00edcia Civil recupera carga avaliada em R$ 30 mil. Produtos foram comprados de forma fraudulenta"},"content":{"rendered":"\n<p>Na \u00faltima quarta-feira, 15, equipes da 2\u00aa Delegacia Metropolitana recuperaram uma carga de produtos, avaliada em R$ 30 mil. O material foi localizado em Est\u00e2ncia, quando estava sendo transportado para entrega no estado da Bahia.<\/p>\n\n\n\n<p>A a\u00e7\u00e3o policial foi comandada por equipes da 2\u00aa Delegacia Metropolitana e conforme o delegado Andr\u00e9 David, a carga foi comprada de forma fraudulenta, em nome de um empres\u00e1rio. &#8220;Ligaram perguntando se a carga havia chegado, por\u00e9m ele n\u00e3o tinha feito compra&#8221;, detalhou o delegado.<\/p>\n\n\n\n<p>Conforme o que foi apurado, a carga estaria sendo levada para Feira de Santana, na Bahia. O material foi apreendido e encaminhado a Aracaju, onde as investiga\u00e7\u00f5es seguem em andamento.<\/p>\n\n\n\n<p>A Pol\u00edcia Civil ressalta que a colabora\u00e7\u00e3o da popula\u00e7\u00e3o \u00e9 de suma import\u00e2ncia para o trabalho policial. Informa\u00e7\u00f5es e den\u00fancias podem ser passadas pelo Disque-Den\u00fancia (181); o sigilo \u00e9 garantido.<\/p>\n\n\n\n<p><em><strong>Foto: SSP\/SE<\/strong><\/em><\/p>\n","protected":false},"excerpt":{"rendered":"<p>Na \u00faltima quarta-feira, 15, equipes da 2\u00aa Delegacia Metropolitana recuperaram uma carga de produtos, avaliada em R$ 30 mil. O material foi localizado em Est\u00e2ncia, quando estava sendo transportado para entrega no estado da Bahia. A a\u00e7\u00e3o policial foi comandada por equipes da 2\u00aa Delegacia Metropolitana e conforme o delegado Andr\u00e9 David, a carga foi [&hellip;]<\/p>\n","protected":false},"author":1,"featured_media":2802,"comment_status":"open","ping_status":"open","sticky":false,"template":"","format":"standard","meta":{"footnotes":""},"categories":[10],"tags":[],"class_list":{"0":"post-2801","1":"post","2":"type-post","3":"status-publish","4":"format-standard","5":"has-post-thumbnail","7":"category-theme-features"},"_links":{"self":[{"href":"https:\/\/nordesteimprensa.com.br\/index.php\/wp-json\/wp\/v2\/posts\/2801","targetHints":{"allow":["GET"]}}],"collection":[{"href":"https:\/\/nordesteimprensa.com.br\/index.php\/wp-json\/wp\/v2\/posts"}],"about":[{"href":"https:\/\/nordesteimprensa.com.br\/index.php\/wp-json\/wp\/v2\/types\/post"}],"author":[{"embeddable":true,"href":"https:\/\/nordesteimprensa.com.br\/index.php\/wp-json\/wp\/v2\/users\/1"}],"replies":[{"embeddable":true,"href":"https:\/\/nordesteimprensa.com.br\/index.php\/wp-json\/wp\/v2\/comments?post=2801"}],"version-history":[{"count":1,"href":"https:\/\/nordesteimprensa.com.br\/index.php\/wp-json\/wp\/v2\/posts\/2801\/revisions"}],"predecessor-version":[{"id":2803,"href":"https:\/\/nordesteimprensa.com.br\/index.php\/wp-json\/wp\/v2\/posts\/2801\/revisions\/2803"}],"wp:featuredmedia":[{"embeddable":true,"href":"https:\/\/nordesteimprensa.com.br\/index.php\/wp-json\/wp\/v2\/media\/2802"}],"wp:attachment":[{"href":"https:\/\/nordesteimprensa.com.br\/index.php\/wp-json\/wp\/v2\/media?parent=2801"}],"wp:term":[{"taxonomy":"category","embeddable":true,"href":"https:\/\/nordesteimprensa.com.br\/index.php\/wp-json\/wp\/v2\/categories?post=2801"},{"taxonomy":"post_tag","embeddable":true,"href":"https:\/\/nordesteimprensa.com.br\/index.php\/wp-json\/wp\/v2\/tags?post=2801"}],"curies":[{"name":"wp","href":"https:\/\/api.w.org\/{rel}","templated":true}]}}