{"id":2804,"date":"2023-02-16T17:34:36","date_gmt":"2023-02-16T20:34:36","guid":{"rendered":"https:\/\/nordesteimprensa.com.br\/?p=2804"},"modified":"2023-02-16T17:34:37","modified_gmt":"2023-02-16T20:34:37","slug":"justica-proibe-bloquinhos-no-bairro-inacio-barbosa","status":"publish","type":"post","link":"https:\/\/nordesteimprensa.com.br\/index.php\/2023\/02\/16\/justica-proibe-bloquinhos-no-bairro-inacio-barbosa\/","title":{"rendered":"Justi\u00e7a pro\u00edbe bloquinhos no bairro In\u00e1cio Barbosa"},"content":{"rendered":"\n<p>Ap\u00f3s A\u00e7\u00e3o Civil P\u00fablica ajuizada pelo Minist\u00e9rio P\u00fablico de Sergipe, por meio da 10\u00aa Promotoria de Justi\u00e7a dos Direitos do Cidad\u00e3o, o Poder Judici\u00e1rio determinou que o Munic\u00edpio de Aracaju n\u00e3o autorize, dentro do Conjunto In\u00e1cio Barbosa, a realiza\u00e7\u00e3o de blocos e festas de grande repercuss\u00e3o social no per\u00edodo carnavalesco. O Estado de Sergipe, por meio da Pol\u00edcia Militar, dever\u00e1 fiscalizar o cumprimento integral dessa medida.<\/p>\n\n\n\n<p>Na liminar, tamb\u00e9m foi determinado que o Munic\u00edpio de Aracaju, por meio da Secretaria Municipal do Meio Ambiente de Aracaju (Sema), fiscalize os bares, restaurantes e estabelecimentos comerciais do Conjunto In\u00e1cio Barbosa, para verificar se os referidos estabelecimentos est\u00e3o cumprindo os limites da licen\u00e7a ambiental. Al\u00e9m disso, dever\u00e1 s\u00f3 permitir o uso de aparelhos sonoros, reprodu\u00e7\u00e3o de m\u00fasica mec\u00e2nica ou som ao vivo com a devida efetiva\u00e7\u00e3o da prote\u00e7\u00e3o ac\u00fastica.<\/p>\n\n\n\n<p>Ainda de acordo com a liminar, o Munic\u00edpio de Aracaju, por meio da Empresa Municipal de Servi\u00e7os Urbanos (Emsurb), dever\u00e1 fiscalizar os espa\u00e7os p\u00fablicos do Conjunto In\u00e1cio Barbosa, para coibir a ocupa\u00e7\u00e3o irregular e ilegal, usada para exercer atividades ou empreendimentos.<br>A Promotoria de Justi\u00e7a do Meio Ambiente instaurou procedimento administrativo para apurar representa\u00e7\u00e3o da Associa\u00e7\u00e3o dos Moradores do Conjunto In\u00e1cio Barbosa, que narrava os excessos cometidos com os bloquinhos de carnaval e outras festas, bem como por estabelecimentos comerciais com ocupa\u00e7\u00e3o de \u00e1rea p\u00fablica sem o devido ato administrativo.<\/p>\n\n\n\n<p><strong>PMA<\/strong><\/p>\n\n\n\n<p>A Prefeitura de Aracaju informou que j\u00e1 est\u00e1 cumprindo a ordem judicial e que nenhum bloco foi autorizado pela PMA no bairro.<\/p>\n\n\n\n<p>Fonte: Infonet<\/p>\n","protected":false},"excerpt":{"rendered":"<p>Ap\u00f3s A\u00e7\u00e3o Civil P\u00fablica ajuizada pelo Minist\u00e9rio P\u00fablico de Sergipe, por meio da 10\u00aa Promotoria de Justi\u00e7a dos Direitos do Cidad\u00e3o, o Poder Judici\u00e1rio determinou que o Munic\u00edpio de Aracaju n\u00e3o autorize, dentro do Conjunto In\u00e1cio Barbosa, a realiza\u00e7\u00e3o de blocos e festas de grande repercuss\u00e3o social no per\u00edodo carnavalesco. O Estado de Sergipe, por [&hellip;]<\/p>\n","protected":false},"author":1,"featured_media":2805,"comment_status":"open","ping_status":"open","sticky":false,"template":"","format":"standard","meta":{"footnotes":""},"categories":[10],"tags":[],"class_list":{"0":"post-2804","1":"post","2":"type-post","3":"status-publish","4":"format-standard","5":"has-post-thumbnail","7":"category-theme-features"},"_links":{"self":[{"href":"https:\/\/nordesteimprensa.com.br\/index.php\/wp-json\/wp\/v2\/posts\/2804","targetHints":{"allow":["GET"]}}],"collection":[{"href":"https:\/\/nordesteimprensa.com.br\/index.php\/wp-json\/wp\/v2\/posts"}],"about":[{"href":"https:\/\/nordesteimprensa.com.br\/index.php\/wp-json\/wp\/v2\/types\/post"}],"author":[{"embeddable":true,"href":"https:\/\/nordesteimprensa.com.br\/index.php\/wp-json\/wp\/v2\/users\/1"}],"replies":[{"embeddable":true,"href":"https:\/\/nordesteimprensa.com.br\/index.php\/wp-json\/wp\/v2\/comments?post=2804"}],"version-history":[{"count":1,"href":"https:\/\/nordesteimprensa.com.br\/index.php\/wp-json\/wp\/v2\/posts\/2804\/revisions"}],"predecessor-version":[{"id":2806,"href":"https:\/\/nordesteimprensa.com.br\/index.php\/wp-json\/wp\/v2\/posts\/2804\/revisions\/2806"}],"wp:featuredmedia":[{"embeddable":true,"href":"https:\/\/nordesteimprensa.com.br\/index.php\/wp-json\/wp\/v2\/media\/2805"}],"wp:attachment":[{"href":"https:\/\/nordesteimprensa.com.br\/index.php\/wp-json\/wp\/v2\/media?parent=2804"}],"wp:term":[{"taxonomy":"category","embeddable":true,"href":"https:\/\/nordesteimprensa.com.br\/index.php\/wp-json\/wp\/v2\/categories?post=2804"},{"taxonomy":"post_tag","embeddable":true,"href":"https:\/\/nordesteimprensa.com.br\/index.php\/wp-json\/wp\/v2\/tags?post=2804"}],"curies":[{"name":"wp","href":"https:\/\/api.w.org\/{rel}","templated":true}]}}