{"id":3063,"date":"2023-04-18T23:46:33","date_gmt":"2023-04-19T02:46:33","guid":{"rendered":"https:\/\/nordesteimprensa.com.br\/?p=3063"},"modified":"2023-04-18T23:46:34","modified_gmt":"2023-04-19T02:46:34","slug":"caixa-paga-bolsa-familia-a-beneficiarios-com-nis-de-final-3","status":"publish","type":"post","link":"https:\/\/nordesteimprensa.com.br\/index.php\/2023\/04\/18\/caixa-paga-bolsa-familia-a-beneficiarios-com-nis-de-final-3\/","title":{"rendered":"Caixa paga Bolsa Fam\u00edlia a benefici\u00e1rios com NIS de final 3"},"content":{"rendered":"\n<p>A Caixa Econ\u00f4mica Federal paga nesta ter\u00e7a-feira, 18, a parcela de abril do novo Bolsa Fam\u00edlia aos benefici\u00e1rios com N\u00famero de Inscri\u00e7\u00e3o Social (NIS) de final 3. Essa \u00e9 a segunda parcela com o adicional de R$ 150 a fam\u00edlias com crian\u00e7as de at\u00e9 6 anos.<\/p>\n\n\n\n<p>O valor m\u00ednimo corresponde a R$ 600, mas com o novo adicional o valor m\u00e9dio do benef\u00edcio sobe para R$ 670,49, o maior da hist\u00f3ria do programa. Segundo o Minist\u00e9rio do Desenvolvimento e Assist\u00eancia Social, neste m\u00eas o programa de transfer\u00eancia de renda do governo federal alcan\u00e7ar\u00e1 21,2 milh\u00f5es de fam\u00edlias, com um gasto de R$ 13,9 bilh\u00f5es.<\/p>\n\n\n\n<p>Desse total, 8,9 milh\u00f5es de crian\u00e7as recebem R$ 1,33 bilh\u00e3o relativos ao benef\u00edcio Primeira Inf\u00e2ncia, como se chama o adicional de R$ 150. Segundo o Minist\u00e9rio do Desenvolvimento Social e Combate \u00e0 Fome, s\u00e3o 17 mil crian\u00e7as a mais que em mar\u00e7o.<\/p>\n\n\n\n<p>Neste m\u00eas houve uma novidade. O governo unificou para o primeiro dia do calend\u00e1rio o pagamento a benefici\u00e1rios de munic\u00edpios em situa\u00e7\u00e3o de emerg\u00eancia ou calamidade reconhecida. Na \u00faltima sexta-feira, 14, foram contempladas todas as fam\u00edlias atingidas pelas chuvas em S\u00e3o Paulo, no Esp\u00edrito Santo, Acre e as atingidas pela estiagem no Rio Grande do Sul, al\u00e9m dos povos yanomami.<\/p>\n\n\n\n<p>Com a revis\u00e3o do cadastro, que eliminou principalmente fam\u00edlias constitu\u00eddas de uma \u00fanica pessoa, 1,42 milh\u00e3o de benefici\u00e1rios foram exclu\u00eddos do Bolsa Fam\u00edlia e 113,84 mil fam\u00edlias foram inclu\u00eddas em abril, das quais 17 mil com crian\u00e7as de at\u00e9 6 anos.<\/p>\n\n\n\n<p>Desde o in\u00edcio do ano, o programa social voltou a se chamar Bolsa Fam\u00edlia. O valor m\u00ednimo de R$ 600 foi garantido ap\u00f3s a aprova\u00e7\u00e3o da Emenda Constitucional da Transi\u00e7\u00e3o, que permitiu a utiliza\u00e7\u00e3o de at\u00e9 R$ 145 bilh\u00f5es fora do teto de gastos neste ano, dos quais R$ 70 bilh\u00f5es est\u00e3o destinados a custear o benef\u00edcio.<\/p>\n\n\n\n<p>O pagamento do adicional de R$ 150 come\u00e7ou em mar\u00e7o, ap\u00f3s o governo fazer um pente-fino no Cadastro \u00danico para Programas Sociais do Governo Federal (Cad\u00danico), a fim de&nbsp;eliminar fraudes. Em junho, come\u00e7ar\u00e1 o pagamento do adicional de R$ 50 por gestante, por crian\u00e7a de 7 a 12 anos e por adolescente de 12 a 18 anos.<\/p>\n\n\n\n<p>No modelo tradicional do Bolsa Fam\u00edlia, o pagamento ocorre nos \u00faltimos dez dias \u00fateis de cada m\u00eas. O benefici\u00e1rio poder\u00e1 consultar informa\u00e7\u00f5es sobre as datas de pagamento, o valor do benef\u00edcio e a composi\u00e7\u00e3o das parcelas no aplicativo Caixa Tem, usado para acompanhar as contas poupan\u00e7a digitais do banco.<\/p>\n\n\n\n<h2 class=\"wp-block-heading\">Aux\u00edlio G\u00e1s<\/h2>\n\n\n\n<p>O Aux\u00edlio G\u00e1s tamb\u00e9m ser\u00e1 pago nesta ter\u00e7a \u00e0s fam\u00edlias inscritas&nbsp;no Cadastro \u00danico para Programas Sociais do Governo Federal (Cad\u00danico), com NIS final 3. Com valor de R$ 110 em abril, o benef\u00edcio segue o calend\u00e1rio do Bolsa Fam\u00edlia.<\/p>\n\n\n\n<p>Com dura\u00e7\u00e3o prevista at\u00e9 o fim de 2026, o programa beneficia 5,69 milh\u00f5es de fam\u00edlias neste m\u00eas. Com a aprova\u00e7\u00e3o da Emenda Constitucional da Transi\u00e7\u00e3o, o benef\u00edcio foi mantido em 100% do pre\u00e7o m\u00e9dio do botij\u00e3o de 13 kg. Apenas neste m\u00eas, o governo gastar\u00e1 R$ 626,2 milh\u00f5es com o benef\u00edcio.<\/p>\n\n\n\n<p>S\u00f3 pode receber o Aux\u00edlio G\u00e1s quem est\u00e1 inclu\u00eddo no Cad\u00danico e tenha pelo menos um membro da fam\u00edlia que receba o Benef\u00edcio de Presta\u00e7\u00e3o Continuada (BPC). A lei que criou o programa definiu que a mulher respons\u00e1vel pela fam\u00edlia ter\u00e1 prefer\u00eancia, assim como mulheres v\u00edtimas de viol\u00eancia dom\u00e9stica.<\/p>\n\n\n\n<p>Fonte: Ag\u00eancia&nbsp; Brasil<\/p>\n","protected":false},"excerpt":{"rendered":"<p>A Caixa Econ\u00f4mica Federal paga nesta ter\u00e7a-feira, 18, a parcela de abril do novo Bolsa Fam\u00edlia aos benefici\u00e1rios com N\u00famero de Inscri\u00e7\u00e3o Social (NIS) de final 3. Essa \u00e9 a segunda parcela com o adicional de R$ 150 a fam\u00edlias com crian\u00e7as de at\u00e9 6 anos. O valor m\u00ednimo corresponde a R$ 600, mas com [&hellip;]<\/p>\n","protected":false},"author":1,"featured_media":3064,"comment_status":"open","ping_status":"open","sticky":false,"template":"","format":"standard","meta":{"footnotes":""},"categories":[10],"tags":[],"class_list":{"0":"post-3063","1":"post","2":"type-post","3":"status-publish","4":"format-standard","5":"has-post-thumbnail","7":"category-theme-features"},"_links":{"self":[{"href":"https:\/\/nordesteimprensa.com.br\/index.php\/wp-json\/wp\/v2\/posts\/3063","targetHints":{"allow":["GET"]}}],"collection":[{"href":"https:\/\/nordesteimprensa.com.br\/index.php\/wp-json\/wp\/v2\/posts"}],"about":[{"href":"https:\/\/nordesteimprensa.com.br\/index.php\/wp-json\/wp\/v2\/types\/post"}],"author":[{"embeddable":true,"href":"https:\/\/nordesteimprensa.com.br\/index.php\/wp-json\/wp\/v2\/users\/1"}],"replies":[{"embeddable":true,"href":"https:\/\/nordesteimprensa.com.br\/index.php\/wp-json\/wp\/v2\/comments?post=3063"}],"version-history":[{"count":1,"href":"https:\/\/nordesteimprensa.com.br\/index.php\/wp-json\/wp\/v2\/posts\/3063\/revisions"}],"predecessor-version":[{"id":3065,"href":"https:\/\/nordesteimprensa.com.br\/index.php\/wp-json\/wp\/v2\/posts\/3063\/revisions\/3065"}],"wp:featuredmedia":[{"embeddable":true,"href":"https:\/\/nordesteimprensa.com.br\/index.php\/wp-json\/wp\/v2\/media\/3064"}],"wp:attachment":[{"href":"https:\/\/nordesteimprensa.com.br\/index.php\/wp-json\/wp\/v2\/media?parent=3063"}],"wp:term":[{"taxonomy":"category","embeddable":true,"href":"https:\/\/nordesteimprensa.com.br\/index.php\/wp-json\/wp\/v2\/categories?post=3063"},{"taxonomy":"post_tag","embeddable":true,"href":"https:\/\/nordesteimprensa.com.br\/index.php\/wp-json\/wp\/v2\/tags?post=3063"}],"curies":[{"name":"wp","href":"https:\/\/api.w.org\/{rel}","templated":true}]}}