{"id":3074,"date":"2023-04-21T11:27:00","date_gmt":"2023-04-21T14:27:00","guid":{"rendered":"https:\/\/nordesteimprensa.com.br\/?p=3074"},"modified":"2023-04-21T11:27:00","modified_gmt":"2023-04-21T14:27:00","slug":"brasil-quita-divida-com-fundo-de-infraestrutura-do-mercosul","status":"publish","type":"post","link":"https:\/\/nordesteimprensa.com.br\/index.php\/2023\/04\/21\/brasil-quita-divida-com-fundo-de-infraestrutura-do-mercosul\/","title":{"rendered":"Brasil quita d\u00edvida com fundo de infraestrutura do Mercosul"},"content":{"rendered":"\n<p>O Brasil poder\u00e1 receber recursos para investir em infraestrutura e integra\u00e7\u00e3o regional no Mercosul. Os Minist\u00e9rios das Rela\u00e7\u00f5es Exteriores e do Planejamento e Or\u00e7amento informaram na \u00faltima quarta-feira, 19, que quitaram as d\u00edvidas do Brasil com o Fundo para a Converg\u00eancia Estrutural do Mercosul (Focem), que totalizavam R$ 500 milh\u00f5es.<\/p>\n\n\n\n<p>Segundo as duas pastas, o pagamento das d\u00edvidas permitir\u00e1 que o Brasil acesse R$ 350 milh\u00f5es para financiar projetos em munic\u00edpios brasileiros em regi\u00f5es de fronteira com os pa\u00edses do Mercosul. O fundo fornece recursos para projetos em \u00e1reas como infraestrutura urbana, seguran\u00e7a, saneamento b\u00e1sico e sa\u00fade.<\/p>\n\n\n\n<p>Criado em 2004, o Focem financiar programas que reduzem a diferen\u00e7a de infraestrutrura dentro do Mercosul e desenvolvem a competitividade dos pa\u00edses do bloco, beneficiando regi\u00f5es menos desenvolvidas. Destinados aos pa\u00edses, os recursos do fundo s\u00e3o entregues em car\u00e1ter de doa\u00e7\u00e3o n\u00e3o reembols\u00e1vel para financiar at\u00e9 85% do valor eleg\u00edvel apresentado pelos membros do bloco.<\/p>\n\n\n\n<p>O Planejamento n\u00e3o informou o valor de d\u00edvidas com organismos internacionais pago desde o in\u00edcio do ano. No \u00faltimo dia 10, quando o governo completou 100 dias, a pasta apresentou um balan\u00e7o segundo o qual R$ 526 bilh\u00f5es haviam sido quitados, equivalente a pouco mais de&nbsp;10% da d\u00edvida de US$ 4,806 bilh\u00f5es&nbsp;no in\u00edcio do ano.<\/p>\n\n\n\n<p>No ano passado, o gabinete de transi\u00e7\u00e3o informou que havia cerca de&nbsp;R$ 5 bilh\u00f5es de d\u00edvidas do governo brasileiro com organismos internacionais. No fim de dezembro, o&nbsp;Itamaraty recebeu R$ 4,6 bilh\u00f5es, que foram convertidos em restos a pagar para 2023.<\/p>\n\n\n\n<p>Fonte: Ag\u00eancia Brasil<\/p>\n","protected":false},"excerpt":{"rendered":"<p>O Brasil poder\u00e1 receber recursos para investir em infraestrutura e integra\u00e7\u00e3o regional no Mercosul. Os Minist\u00e9rios das Rela\u00e7\u00f5es Exteriores e do Planejamento e Or\u00e7amento informaram na \u00faltima quarta-feira, 19, que quitaram as d\u00edvidas do Brasil com o Fundo para a Converg\u00eancia Estrutural do Mercosul (Focem), que totalizavam R$ 500 milh\u00f5es. Segundo as duas pastas, o [&hellip;]<\/p>\n","protected":false},"author":1,"featured_media":3075,"comment_status":"open","ping_status":"open","sticky":false,"template":"","format":"standard","meta":{"footnotes":""},"categories":[10],"tags":[],"class_list":{"0":"post-3074","1":"post","2":"type-post","3":"status-publish","4":"format-standard","5":"has-post-thumbnail","7":"category-theme-features"},"_links":{"self":[{"href":"https:\/\/nordesteimprensa.com.br\/index.php\/wp-json\/wp\/v2\/posts\/3074","targetHints":{"allow":["GET"]}}],"collection":[{"href":"https:\/\/nordesteimprensa.com.br\/index.php\/wp-json\/wp\/v2\/posts"}],"about":[{"href":"https:\/\/nordesteimprensa.com.br\/index.php\/wp-json\/wp\/v2\/types\/post"}],"author":[{"embeddable":true,"href":"https:\/\/nordesteimprensa.com.br\/index.php\/wp-json\/wp\/v2\/users\/1"}],"replies":[{"embeddable":true,"href":"https:\/\/nordesteimprensa.com.br\/index.php\/wp-json\/wp\/v2\/comments?post=3074"}],"version-history":[{"count":1,"href":"https:\/\/nordesteimprensa.com.br\/index.php\/wp-json\/wp\/v2\/posts\/3074\/revisions"}],"predecessor-version":[{"id":3076,"href":"https:\/\/nordesteimprensa.com.br\/index.php\/wp-json\/wp\/v2\/posts\/3074\/revisions\/3076"}],"wp:featuredmedia":[{"embeddable":true,"href":"https:\/\/nordesteimprensa.com.br\/index.php\/wp-json\/wp\/v2\/media\/3075"}],"wp:attachment":[{"href":"https:\/\/nordesteimprensa.com.br\/index.php\/wp-json\/wp\/v2\/media?parent=3074"}],"wp:term":[{"taxonomy":"category","embeddable":true,"href":"https:\/\/nordesteimprensa.com.br\/index.php\/wp-json\/wp\/v2\/categories?post=3074"},{"taxonomy":"post_tag","embeddable":true,"href":"https:\/\/nordesteimprensa.com.br\/index.php\/wp-json\/wp\/v2\/tags?post=3074"}],"curies":[{"name":"wp","href":"https:\/\/api.w.org\/{rel}","templated":true}]}}