{"id":3080,"date":"2023-04-21T11:30:09","date_gmt":"2023-04-21T14:30:09","guid":{"rendered":"https:\/\/nordesteimprensa.com.br\/?p=3080"},"modified":"2023-04-21T11:30:09","modified_gmt":"2023-04-21T14:30:09","slug":"homem-e-morto-a-tiros-em-lagarto","status":"publish","type":"post","link":"https:\/\/nordesteimprensa.com.br\/index.php\/2023\/04\/21\/homem-e-morto-a-tiros-em-lagarto\/","title":{"rendered":"Homem \u00e9 morto a tiros em Lagarto"},"content":{"rendered":"\n<p>Um homem foi morto a tiros, na madrugada desta sexta-feira (21), no munic\u00edpio de Lagarto. A informa\u00e7\u00e3o foi confirmada pela Pol\u00edcia Militar.&nbsp;<\/p>\n\n\n\n<p>De acordo com a PM, o crime aconteceu no Conjunto Campo Novo por volta das 4h. Uma equipe est\u00e1 no local e o a v\u00edtima ainda n\u00e3o foi identificada. Ainda segundo a PM, o homem morto usava uma tornozeleira eletr\u00f4nica, foi chamado em casa, e quando chegou \u00e0 porta foi executado. A pol\u00edcia tamb\u00e9m informou que ele havia sido preso por ter cometido um homic\u00eddio.&nbsp;<\/p>\n\n\n\n<p>A guarni\u00e7\u00e3o aguarda a chegada de equipes do Instituto de Criminal\u00edstica e do Instituto M\u00e9dico Legal (IML).&nbsp;<\/p>\n\n\n\n<p>Ainda n\u00e3o h\u00e1 informa\u00e7\u00f5es sobre o que teria motivado o crime e como tudo teria acontecido.<\/p>\n\n\n\n<p>Fonte: G1 SE<\/p>\n","protected":false},"excerpt":{"rendered":"<p>Um homem foi morto a tiros, na madrugada desta sexta-feira (21), no munic\u00edpio de Lagarto. A informa\u00e7\u00e3o foi confirmada pela Pol\u00edcia Militar.&nbsp; De acordo com a PM, o crime aconteceu no Conjunto Campo Novo por volta das 4h. Uma equipe est\u00e1 no local e o a v\u00edtima ainda n\u00e3o foi identificada. Ainda segundo a PM, [&hellip;]<\/p>\n","protected":false},"author":1,"featured_media":3081,"comment_status":"open","ping_status":"open","sticky":false,"template":"","format":"standard","meta":{"footnotes":""},"categories":[10],"tags":[],"class_list":{"0":"post-3080","1":"post","2":"type-post","3":"status-publish","4":"format-standard","5":"has-post-thumbnail","7":"category-theme-features"},"_links":{"self":[{"href":"https:\/\/nordesteimprensa.com.br\/index.php\/wp-json\/wp\/v2\/posts\/3080","targetHints":{"allow":["GET"]}}],"collection":[{"href":"https:\/\/nordesteimprensa.com.br\/index.php\/wp-json\/wp\/v2\/posts"}],"about":[{"href":"https:\/\/nordesteimprensa.com.br\/index.php\/wp-json\/wp\/v2\/types\/post"}],"author":[{"embeddable":true,"href":"https:\/\/nordesteimprensa.com.br\/index.php\/wp-json\/wp\/v2\/users\/1"}],"replies":[{"embeddable":true,"href":"https:\/\/nordesteimprensa.com.br\/index.php\/wp-json\/wp\/v2\/comments?post=3080"}],"version-history":[{"count":1,"href":"https:\/\/nordesteimprensa.com.br\/index.php\/wp-json\/wp\/v2\/posts\/3080\/revisions"}],"predecessor-version":[{"id":3082,"href":"https:\/\/nordesteimprensa.com.br\/index.php\/wp-json\/wp\/v2\/posts\/3080\/revisions\/3082"}],"wp:featuredmedia":[{"embeddable":true,"href":"https:\/\/nordesteimprensa.com.br\/index.php\/wp-json\/wp\/v2\/media\/3081"}],"wp:attachment":[{"href":"https:\/\/nordesteimprensa.com.br\/index.php\/wp-json\/wp\/v2\/media?parent=3080"}],"wp:term":[{"taxonomy":"category","embeddable":true,"href":"https:\/\/nordesteimprensa.com.br\/index.php\/wp-json\/wp\/v2\/categories?post=3080"},{"taxonomy":"post_tag","embeddable":true,"href":"https:\/\/nordesteimprensa.com.br\/index.php\/wp-json\/wp\/v2\/tags?post=3080"}],"curies":[{"name":"wp","href":"https:\/\/api.w.org\/{rel}","templated":true}]}}